{"id":23481,"date":"2020-09-19T10:33:34","date_gmt":"2020-09-19T08:33:34","guid":{"rendered":"http:\/\/lesaffre-algerie.com\/?p=23481"},"modified":"2020-09-29T10:35:15","modified_gmt":"2020-09-29T08:35:15","slug":"une-chaine-logistique-globale-et-une-expertise-locale","status":"publish","type":"post","link":"https:\/\/lesaffre-algerie.com\/fr\/actualites\/une-chaine-logistique-globale-et-une-expertise-locale\/","title":{"rendered":"Une chaine logistique globale et une expertise locale"},"content":{"rendered":"<div class=\"wpb-content-wrapper\"><p>[vc_row css_animation=\u00a0\u00bb\u00a0\u00bb row_type=\u00a0\u00bbrow\u00a0\u00bb use_row_as_full_screen_section=\u00a0\u00bbno\u00a0\u00bb type=\u00a0\u00bbfull_width\u00a0\u00bb angled_section=\u00a0\u00bbno\u00a0\u00bb text_align=\u00a0\u00bbleft\u00a0\u00bb background_image_as_pattern=\u00a0\u00bbwithout_pattern\u00a0\u00bb css=\u00a0\u00bb.vc_custom_1547673837605{padding-top: 0px !important;padding-bottom: 0px !important;}\u00a0\u00bb z_index=\u00a0\u00bb\u00a0\u00bb][vc_column][vc_video link=\u00a0\u00bbhttps:\/\/vimeo.com\/459684284&Prime; align=\u00a0\u00bbcenter\u00a0\u00bb][vc_separator type=\u00a0\u00bbtransparent\u00a0\u00bb][vc_column_text]Chez Lesaffre, notre cha\u00eene d\u2019approvisionnement (supply chain) s\u2019appuie sur une pr\u00e9sence mondiale doubl\u00e9e d\u2019une expertise locale, pour fournir \u00e0 nos clients les meilleurs produits et services. Nous entretenons une v\u00e9ritable <b>proximit\u00e9 avec nos clients<\/b>, en nous appuyant sur nos sites r\u00e9partis \u00e0 travers le monde. Si, lors d\u2019une demande sp\u00e9cifique, un site s\u2019av\u00e8re \u00eatre en dehors de la zone de chalandise, la flexibilit\u00e9 de notre syst\u00e8me nous permet alors d\u2019optimiser la production, l\u2019acheminement puis l\u2019exp\u00e9dition pour r\u00e9pondre au besoin. Chaque commande envoy\u00e9e \u0c7c que ce soit directement aux clients ou via nos filiales-, est le reflet de notre comp\u00e9titivit\u00e9 en termes de qualit\u00e9\/disponibilit\u00e9\/prix.<\/p>\n<p>&nbsp;<\/p>\n<p>Notre cha\u00eene logistique (supply chain) est incroyablement agile. Gr\u00e2ce \u00e0 un travail d\u2019\u00e9quipe coordonn\u00e9, nous anticipons et comprenons les enjeux potentiels\u202f; notre r\u00e9activit\u00e9 nous permet ainsi d\u2019<b>\u00e9viter les ruptures de stock et les retards<\/b>. Au sein du service client\u00e8le, nos sp\u00e9cialistes, affect\u00e9s \u00e0 chaque client, assurent un service hors pair\u202f: de l\u2019exp\u00e9dition \u00e0 la livraison finale, ils assurent une continuit\u00e9 de service. Alors que nous continuons \u00e0 d\u00e9velopper notre cha\u00eene d\u2019approvisionnement par le biais d\u2019acquisitions, nous nous engageons aussi aupr\u00e8s d\u2019acteurs cl\u00e9s dans le monde entier en partageant nos comp\u00e9tences, nos exp\u00e9riences et nos connaissances. La transversalit\u00e9 de ce mod\u00e8le permet de r\u00e9pondre \u00e0 la complexit\u00e9 des flux.<\/p>\n<p>&nbsp;<\/p>\n<p>Nous progressons sans cesse pour relever les nombreux d\u00e9fis de notre activit\u00e9. Nous acc\u00e9l\u00e9rons notre <b>transformation digitale<\/b> afin de simplifier nos processus, de g\u00e9rer nos commandes, de renforcer notre fiabilit\u00e9, notre pr\u00e9cision, et d\u2019anticiper les besoins. L\u2019utilisation de ces outils modernes nous aidera \u00e0 nous adapter et \u00e0 nous projeter dans l\u2019avenir.[\/vc_column_text][\/vc_column][\/vc_row][vc_row css_animation=\u00a0\u00bb\u00a0\u00bb row_type=\u00a0\u00bbrow\u00a0\u00bb use_row_as_full_screen_section=\u00a0\u00bbno\u00a0\u00bb type=\u00a0\u00bbfull_width\u00a0\u00bb angled_section=\u00a0\u00bbno\u00a0\u00bb text_align=\u00a0\u00bbleft\u00a0\u00bb background_image_as_pattern=\u00a0\u00bbwithout_pattern\u00a0\u00bb el_class=\u00a0\u00bbnoPadding\u00a0\u00bb z_index=\u00a0\u00bb\u00a0\u00bb][vc_column width=\u00a0\u00bb1\/2&Prime;][vc_single_image image=\u00a0\u00bb23479&Prime; img_size=\u00a0\u00bbfull\u00a0\u00bb qode_css_animation=\u00a0\u00bb\u00a0\u00bb css=\u00a0\u00bb.vc_custom_1601368504018{padding-top: 15px !important;padding-bottom: 15px !important;}\u00a0\u00bb][\/vc_column][vc_column width=\u00a0\u00bb1\/2&Prime;][vc_single_image image=\u00a0\u00bb23483&Prime; img_size=\u00a0\u00bbfull\u00a0\u00bb qode_css_animation=\u00a0\u00bb\u00a0\u00bb css=\u00a0\u00bb.vc_custom_1601368512255{padding-top: 15px !important;padding-bottom: 15px !important;}\u00a0\u00bb][\/vc_column][\/vc_row]<\/p>\n<\/div>","protected":false},"excerpt":{"rendered":"<p>Chez Lesaffre, notre cha\u00eene d\u2019approvisionnement (supply chain) s\u2019appuie sur une pr\u00e9sence mondiale doubl\u00e9e d\u2019une expertise locale, pour fournir \u00e0 nos clients les meilleurs produits et services.<\/p>\n","protected":false},"author":1,"featured_media":23477,"comment_status":"closed","ping_status":"closed","sticky":false,"template":"","format":"standard","meta":{"footnotes":""},"categories":[5],"tags":[],"class_list":["post-23481","post","type-post","status-publish","format-standard","has-post-thumbnail","hentry","category-actualites"],"yoast_head":"<!-- This site is optimized with the Yoast SEO Premium plugin v22.3 (Yoast SEO v27.5) - https:\/\/yoast.com\/product\/yoast-seo-premium-wordpress\/ -->\n<title>Logistique globale, expertise locale \u2022 Lesaffre Alg\u00e9rie<\/title>\n<meta name=\"description\" content=\"Chez Lesaffre, notre cha\u00eene d\u2019approvisionnement (supply chain) s\u2019appuie sur une pr\u00e9sence mondiale doubl\u00e9e d\u2019une expertise locale, pour fournir \u00e0 nos clients les meilleurs produits et services.\" \/>\n<meta name=\"robots\" content=\"index, follow, max-snippet:-1, max-image-preview:large, max-video-preview:-1\" \/>\n<link rel=\"canonical\" href=\"https:\/\/lesaffre-algerie.com\/fr\/actualites\/une-chaine-logistique-globale-et-une-expertise-locale\/\" \/>\n<meta property=\"og:locale\" content=\"fr_FR\" \/>\n<meta property=\"og:type\" content=\"article\" \/>\n<meta property=\"og:title\" content=\"Une chaine logistique globale et une expertise locale\" \/>\n<meta property=\"og:description\" content=\"Chez Lesaffre, notre cha\u00eene d\u2019approvisionnement (supply chain) s\u2019appuie sur une pr\u00e9sence mondiale doubl\u00e9e d\u2019une expertise locale, pour fournir \u00e0 nos clients les meilleurs produits et services.\" \/>\n<meta property=\"og:url\" content=\"https:\/\/lesaffre-algerie.com\/fr\/actualites\/une-chaine-logistique-globale-et-une-expertise-locale\/\" \/>\n<meta property=\"og:site_name\" content=\"LESAFFRE Alg\u00e9rie\" \/>\n<meta property=\"article:published_time\" content=\"2020-09-19T08:33:34+00:00\" \/>\n<meta property=\"article:modified_time\" content=\"2020-09-29T08:35:15+00:00\" \/>\n<meta property=\"og:image\" content=\"https:\/\/lesaffre-algerie.com\/wp-content\/uploads\/2020\/09\/Logistique-lesaffre.jpg\" \/>\n\t<meta property=\"og:image:width\" content=\"740\" \/>\n\t<meta property=\"og:image:height\" content=\"463\" \/>\n\t<meta property=\"og:image:type\" content=\"image\/jpeg\" \/>\n<meta name=\"author\" content=\"olivier@ovm-communication.fr\" \/>\n<meta name=\"twitter:card\" content=\"summary_large_image\" \/>\n<meta name=\"twitter:label1\" content=\"\u00c9crit par\" \/>\n\t<meta name=\"twitter:data1\" content=\"olivier@ovm-communication.fr\" \/>\n\t<meta name=\"twitter:label2\" content=\"Dur\u00e9e de lecture estim\u00e9e\" \/>\n\t<meta name=\"twitter:data2\" content=\"2 minutes\" \/>\n<script type=\"application\/ld+json\" class=\"yoast-schema-graph\">{\"@context\":\"https:\\\/\\\/schema.org\",\"@graph\":[{\"@type\":\"Article\",\"@id\":\"https:\\\/\\\/lesaffre-algerie.com\\\/fr\\\/actualites\\\/une-chaine-logistique-globale-et-une-expertise-locale\\\/#article\",\"isPartOf\":{\"@id\":\"https:\\\/\\\/lesaffre-algerie.com\\\/fr\\\/actualites\\\/une-chaine-logistique-globale-et-une-expertise-locale\\\/\"},\"author\":{\"name\":\"olivier@ovm-communication.fr\",\"@id\":\"https:\\\/\\\/lesaffre-algerie.com\\\/fr\\\/#\\\/schema\\\/person\\\/055bf0bf0da7f02d990c55b6704e694f\"},\"headline\":\"Une chaine logistique globale et une expertise locale\",\"datePublished\":\"2020-09-19T08:33:34+00:00\",\"dateModified\":\"2020-09-29T08:35:15+00:00\",\"mainEntityOfPage\":{\"@id\":\"https:\\\/\\\/lesaffre-algerie.com\\\/fr\\\/actualites\\\/une-chaine-logistique-globale-et-une-expertise-locale\\\/\"},\"wordCount\":462,\"image\":{\"@id\":\"https:\\\/\\\/lesaffre-algerie.com\\\/fr\\\/actualites\\\/une-chaine-logistique-globale-et-une-expertise-locale\\\/#primaryimage\"},\"thumbnailUrl\":\"https:\\\/\\\/lesaffre-algerie.com\\\/wp-content\\\/uploads\\\/2020\\\/09\\\/Logistique-lesaffre.jpg\",\"articleSection\":[\"Actualit\u00e9s\"],\"inLanguage\":\"fr-FR\"},{\"@type\":\"WebPage\",\"@id\":\"https:\\\/\\\/lesaffre-algerie.com\\\/fr\\\/actualites\\\/une-chaine-logistique-globale-et-une-expertise-locale\\\/\",\"url\":\"https:\\\/\\\/lesaffre-algerie.com\\\/fr\\\/actualites\\\/une-chaine-logistique-globale-et-une-expertise-locale\\\/\",\"name\":\"Logistique globale, expertise locale \u2022 Lesaffre Alg\u00e9rie\",\"isPartOf\":{\"@id\":\"https:\\\/\\\/lesaffre-algerie.com\\\/fr\\\/#website\"},\"primaryImageOfPage\":{\"@id\":\"https:\\\/\\\/lesaffre-algerie.com\\\/fr\\\/actualites\\\/une-chaine-logistique-globale-et-une-expertise-locale\\\/#primaryimage\"},\"image\":{\"@id\":\"https:\\\/\\\/lesaffre-algerie.com\\\/fr\\\/actualites\\\/une-chaine-logistique-globale-et-une-expertise-locale\\\/#primaryimage\"},\"thumbnailUrl\":\"https:\\\/\\\/lesaffre-algerie.com\\\/wp-content\\\/uploads\\\/2020\\\/09\\\/Logistique-lesaffre.jpg\",\"datePublished\":\"2020-09-19T08:33:34+00:00\",\"dateModified\":\"2020-09-29T08:35:15+00:00\",\"author\":{\"@id\":\"https:\\\/\\\/lesaffre-algerie.com\\\/fr\\\/#\\\/schema\\\/person\\\/055bf0bf0da7f02d990c55b6704e694f\"},\"description\":\"Chez Lesaffre, notre cha\u00eene d\u2019approvisionnement (supply chain) s\u2019appuie sur une pr\u00e9sence mondiale doubl\u00e9e d\u2019une expertise locale, pour fournir \u00e0 nos clients les meilleurs produits et services.\",\"breadcrumb\":{\"@id\":\"https:\\\/\\\/lesaffre-algerie.com\\\/fr\\\/actualites\\\/une-chaine-logistique-globale-et-une-expertise-locale\\\/#breadcrumb\"},\"inLanguage\":\"fr-FR\",\"potentialAction\":[{\"@type\":\"ReadAction\",\"target\":[\"https:\\\/\\\/lesaffre-algerie.com\\\/fr\\\/actualites\\\/une-chaine-logistique-globale-et-une-expertise-locale\\\/\"]}]},{\"@type\":\"ImageObject\",\"inLanguage\":\"fr-FR\",\"@id\":\"https:\\\/\\\/lesaffre-algerie.com\\\/fr\\\/actualites\\\/une-chaine-logistique-globale-et-une-expertise-locale\\\/#primaryimage\",\"url\":\"https:\\\/\\\/lesaffre-algerie.com\\\/wp-content\\\/uploads\\\/2020\\\/09\\\/Logistique-lesaffre.jpg\",\"contentUrl\":\"https:\\\/\\\/lesaffre-algerie.com\\\/wp-content\\\/uploads\\\/2020\\\/09\\\/Logistique-lesaffre.jpg\",\"width\":740,\"height\":463},{\"@type\":\"BreadcrumbList\",\"@id\":\"https:\\\/\\\/lesaffre-algerie.com\\\/fr\\\/actualites\\\/une-chaine-logistique-globale-et-une-expertise-locale\\\/#breadcrumb\",\"itemListElement\":[{\"@type\":\"ListItem\",\"position\":1,\"name\":\"Accueil\",\"item\":\"https:\\\/\\\/lesaffre-algerie.com\\\/fr\\\/\"},{\"@type\":\"ListItem\",\"position\":2,\"name\":\"Une chaine logistique globale et une expertise locale\"}]},{\"@type\":\"WebSite\",\"@id\":\"https:\\\/\\\/lesaffre-algerie.com\\\/fr\\\/#website\",\"url\":\"https:\\\/\\\/lesaffre-algerie.com\\\/fr\\\/\",\"name\":\"LESAFFRE Alg\u00e9rie\",\"description\":\"Levures de cuisson, am\u00e9liorants pour le pain et sant\u00e9\",\"potentialAction\":[{\"@type\":\"SearchAction\",\"target\":{\"@type\":\"EntryPoint\",\"urlTemplate\":\"https:\\\/\\\/lesaffre-algerie.com\\\/fr\\\/?s={search_term_string}\"},\"query-input\":{\"@type\":\"PropertyValueSpecification\",\"valueRequired\":true,\"valueName\":\"search_term_string\"}}],\"inLanguage\":\"fr-FR\"},{\"@type\":\"Person\",\"@id\":\"https:\\\/\\\/lesaffre-algerie.com\\\/fr\\\/#\\\/schema\\\/person\\\/055bf0bf0da7f02d990c55b6704e694f\",\"name\":\"olivier@ovm-communication.fr\"}]}<\/script>\n<!-- \/ Yoast SEO Premium plugin. -->","yoast_head_json":{"title":"Logistique globale, expertise locale \u2022 Lesaffre Alg\u00e9rie","description":"Chez Lesaffre, notre cha\u00eene d\u2019approvisionnement (supply chain) s\u2019appuie sur une pr\u00e9sence mondiale doubl\u00e9e d\u2019une expertise locale, pour fournir \u00e0 nos clients les meilleurs produits et services.","robots":{"index":"index","follow":"follow","max-snippet":"max-snippet:-1","max-image-preview":"max-image-preview:large","max-video-preview":"max-video-preview:-1"},"canonical":"https:\/\/lesaffre-algerie.com\/fr\/actualites\/une-chaine-logistique-globale-et-une-expertise-locale\/","og_locale":"fr_FR","og_type":"article","og_title":"Une chaine logistique globale et une expertise locale","og_description":"Chez Lesaffre, notre cha\u00eene d\u2019approvisionnement (supply chain) s\u2019appuie sur une pr\u00e9sence mondiale doubl\u00e9e d\u2019une expertise locale, pour fournir \u00e0 nos clients les meilleurs produits et services.","og_url":"https:\/\/lesaffre-algerie.com\/fr\/actualites\/une-chaine-logistique-globale-et-une-expertise-locale\/","og_site_name":"LESAFFRE Alg\u00e9rie","article_published_time":"2020-09-19T08:33:34+00:00","article_modified_time":"2020-09-29T08:35:15+00:00","og_image":[{"width":740,"height":463,"url":"https:\/\/lesaffre-algerie.com\/wp-content\/uploads\/2020\/09\/Logistique-lesaffre.jpg","type":"image\/jpeg"}],"author":"olivier@ovm-communication.fr","twitter_card":"summary_large_image","twitter_misc":{"\u00c9crit par":"olivier@ovm-communication.fr","Dur\u00e9e de lecture estim\u00e9e":"2 minutes"},"schema":{"@context":"https:\/\/schema.org","@graph":[{"@type":"Article","@id":"https:\/\/lesaffre-algerie.com\/fr\/actualites\/une-chaine-logistique-globale-et-une-expertise-locale\/#article","isPartOf":{"@id":"https:\/\/lesaffre-algerie.com\/fr\/actualites\/une-chaine-logistique-globale-et-une-expertise-locale\/"},"author":{"name":"olivier@ovm-communication.fr","@id":"https:\/\/lesaffre-algerie.com\/fr\/#\/schema\/person\/055bf0bf0da7f02d990c55b6704e694f"},"headline":"Une chaine logistique globale et une expertise locale","datePublished":"2020-09-19T08:33:34+00:00","dateModified":"2020-09-29T08:35:15+00:00","mainEntityOfPage":{"@id":"https:\/\/lesaffre-algerie.com\/fr\/actualites\/une-chaine-logistique-globale-et-une-expertise-locale\/"},"wordCount":462,"image":{"@id":"https:\/\/lesaffre-algerie.com\/fr\/actualites\/une-chaine-logistique-globale-et-une-expertise-locale\/#primaryimage"},"thumbnailUrl":"https:\/\/lesaffre-algerie.com\/wp-content\/uploads\/2020\/09\/Logistique-lesaffre.jpg","articleSection":["Actualit\u00e9s"],"inLanguage":"fr-FR"},{"@type":"WebPage","@id":"https:\/\/lesaffre-algerie.com\/fr\/actualites\/une-chaine-logistique-globale-et-une-expertise-locale\/","url":"https:\/\/lesaffre-algerie.com\/fr\/actualites\/une-chaine-logistique-globale-et-une-expertise-locale\/","name":"Logistique globale, expertise locale \u2022 Lesaffre Alg\u00e9rie","isPartOf":{"@id":"https:\/\/lesaffre-algerie.com\/fr\/#website"},"primaryImageOfPage":{"@id":"https:\/\/lesaffre-algerie.com\/fr\/actualites\/une-chaine-logistique-globale-et-une-expertise-locale\/#primaryimage"},"image":{"@id":"https:\/\/lesaffre-algerie.com\/fr\/actualites\/une-chaine-logistique-globale-et-une-expertise-locale\/#primaryimage"},"thumbnailUrl":"https:\/\/lesaffre-algerie.com\/wp-content\/uploads\/2020\/09\/Logistique-lesaffre.jpg","datePublished":"2020-09-19T08:33:34+00:00","dateModified":"2020-09-29T08:35:15+00:00","author":{"@id":"https:\/\/lesaffre-algerie.com\/fr\/#\/schema\/person\/055bf0bf0da7f02d990c55b6704e694f"},"description":"Chez Lesaffre, notre cha\u00eene d\u2019approvisionnement (supply chain) s\u2019appuie sur une pr\u00e9sence mondiale doubl\u00e9e d\u2019une expertise locale, pour fournir \u00e0 nos clients les meilleurs produits et services.","breadcrumb":{"@id":"https:\/\/lesaffre-algerie.com\/fr\/actualites\/une-chaine-logistique-globale-et-une-expertise-locale\/#breadcrumb"},"inLanguage":"fr-FR","potentialAction":[{"@type":"ReadAction","target":["https:\/\/lesaffre-algerie.com\/fr\/actualites\/une-chaine-logistique-globale-et-une-expertise-locale\/"]}]},{"@type":"ImageObject","inLanguage":"fr-FR","@id":"https:\/\/lesaffre-algerie.com\/fr\/actualites\/une-chaine-logistique-globale-et-une-expertise-locale\/#primaryimage","url":"https:\/\/lesaffre-algerie.com\/wp-content\/uploads\/2020\/09\/Logistique-lesaffre.jpg","contentUrl":"https:\/\/lesaffre-algerie.com\/wp-content\/uploads\/2020\/09\/Logistique-lesaffre.jpg","width":740,"height":463},{"@type":"BreadcrumbList","@id":"https:\/\/lesaffre-algerie.com\/fr\/actualites\/une-chaine-logistique-globale-et-une-expertise-locale\/#breadcrumb","itemListElement":[{"@type":"ListItem","position":1,"name":"Accueil","item":"https:\/\/lesaffre-algerie.com\/fr\/"},{"@type":"ListItem","position":2,"name":"Une chaine logistique globale et une expertise locale"}]},{"@type":"WebSite","@id":"https:\/\/lesaffre-algerie.com\/fr\/#website","url":"https:\/\/lesaffre-algerie.com\/fr\/","name":"LESAFFRE Alg\u00e9rie","description":"Levures de cuisson, am\u00e9liorants pour le pain et sant\u00e9","potentialAction":[{"@type":"SearchAction","target":{"@type":"EntryPoint","urlTemplate":"https:\/\/lesaffre-algerie.com\/fr\/?s={search_term_string}"},"query-input":{"@type":"PropertyValueSpecification","valueRequired":true,"valueName":"search_term_string"}}],"inLanguage":"fr-FR"},{"@type":"Person","@id":"https:\/\/lesaffre-algerie.com\/fr\/#\/schema\/person\/055bf0bf0da7f02d990c55b6704e694f","name":"olivier@ovm-communication.fr"}]}},"featured_image_src":"https:\/\/lesaffre-algerie.com\/wp-content\/uploads\/2020\/09\/Logistique-lesaffre-150x150.jpg","_links":{"self":[{"href":"https:\/\/lesaffre-algerie.com\/fr\/wp-json\/wp\/v2\/posts\/23481","targetHints":{"allow":["GET"]}}],"collection":[{"href":"https:\/\/lesaffre-algerie.com\/fr\/wp-json\/wp\/v2\/posts"}],"about":[{"href":"https:\/\/lesaffre-algerie.com\/fr\/wp-json\/wp\/v2\/types\/post"}],"author":[{"embeddable":true,"href":"https:\/\/lesaffre-algerie.com\/fr\/wp-json\/wp\/v2\/users\/1"}],"replies":[{"embeddable":true,"href":"https:\/\/lesaffre-algerie.com\/fr\/wp-json\/wp\/v2\/comments?post=23481"}],"version-history":[{"count":0,"href":"https:\/\/lesaffre-algerie.com\/fr\/wp-json\/wp\/v2\/posts\/23481\/revisions"}],"wp:featuredmedia":[{"embeddable":true,"href":"https:\/\/lesaffre-algerie.com\/fr\/wp-json\/wp\/v2\/media\/23477"}],"wp:attachment":[{"href":"https:\/\/lesaffre-algerie.com\/fr\/wp-json\/wp\/v2\/media?parent=23481"}],"wp:term":[{"taxonomy":"category","embeddable":true,"href":"https:\/\/lesaffre-algerie.com\/fr\/wp-json\/wp\/v2\/categories?post=23481"},{"taxonomy":"post_tag","embeddable":true,"href":"https:\/\/lesaffre-algerie.com\/fr\/wp-json\/wp\/v2\/tags?post=23481"}],"curies":[{"name":"wp","href":"https:\/\/api.w.org\/{rel}","templated":true}]}}