{"id":23836,"date":"2021-12-10T07:00:30","date_gmt":"2021-12-10T06:00:30","guid":{"rendered":"https:\/\/lesaffre-algerie.com\/?p=23836"},"modified":"2022-11-09T10:45:42","modified_gmt":"2022-11-09T09:45:42","slug":"une-journee-portes-ouvertes-sous-le-signe-de-lapprentissage","status":"publish","type":"post","link":"https:\/\/lesaffre-algerie.com\/fr\/actualites\/une-journee-portes-ouvertes-sous-le-signe-de-lapprentissage\/","title":{"rendered":"Une journ\u00e9e portes ouvertes sous le signe de l\u2019apprentissage"},"content":{"rendered":"<div class=\"wpb-content-wrapper\"><p>[vc_row css_animation=\u00a0\u00bb\u00a0\u00bb row_type=\u00a0\u00bbrow\u00a0\u00bb use_row_as_full_screen_section=\u00a0\u00bbno\u00a0\u00bb type=\u00a0\u00bbfull_width\u00a0\u00bb angled_section=\u00a0\u00bbno\u00a0\u00bb text_align=\u00a0\u00bbleft\u00a0\u00bb background_image_as_pattern=\u00a0\u00bbwithout_pattern\u00a0\u00bb css=\u00a0\u00bb.vc_custom_1547673837605{padding-top: 0px !important;padding-bottom: 0px !important;}\u00a0\u00bb z_index=\u00a0\u00bb\u00a0\u00bb][vc_column][vc_column_text]<strong>\u00catre leader c\u2019est aussi savoir transmettre les comp\u00e9tences et les expertises, pour cela Lesaffre Alg\u00e9rie \u00e0 travers son Baking Center d\u2019Alger s\u2019ouvre aux futurs professionnels dans le domaine de la panification et des m\u00e9tiers li\u00e9s.<\/strong>[\/vc_column_text][vc_separator type=\u00a0\u00bbtransparent\u00a0\u00bb]<div class=\"qode-advanced-image-gallery  qode-aig-grid-type qode-large-space   \">\n\t<div class=\"qode-aig-inner qode-outer-space qode-aig-grid qode-aig-three-columns\">\n\t\t\t\t\t<div class=\"qode-aig-image qode-item-space\">\n\t\t\t\t<div class=\"qode-aig-image-inner\">\n\t\t\t\t\t\t\t\t\t\t\t<img loading=\"lazy\" decoding=\"async\" width=\"960\" height=\"720\" src=\"https:\/\/lesaffre-algerie.com\/wp-content\/uploads\/2021\/12\/263364962_1548187728892344_8803214467776009082_n.jpg\" class=\"attachment-full size-full\" alt=\"\" srcset=\"https:\/\/lesaffre-algerie.com\/wp-content\/uploads\/2021\/12\/263364962_1548187728892344_8803214467776009082_n.jpg 960w, https:\/\/lesaffre-algerie.com\/wp-content\/uploads\/2021\/12\/263364962_1548187728892344_8803214467776009082_n-300x225.jpg 300w, https:\/\/lesaffre-algerie.com\/wp-content\/uploads\/2021\/12\/263364962_1548187728892344_8803214467776009082_n-768x576.jpg 768w, https:\/\/lesaffre-algerie.com\/wp-content\/uploads\/2021\/12\/263364962_1548187728892344_8803214467776009082_n-800x600.jpg 800w, https:\/\/lesaffre-algerie.com\/wp-content\/uploads\/2021\/12\/263364962_1548187728892344_8803214467776009082_n-700x525.jpg 700w\" sizes=\"auto, (max-width: 960px) 100vw, 960px\" \/>\t\t\t\t\t\t<span class=\"aig-gallery-hover\">\n\t\t\t\t\t\t\t\t\t\t\t\t\t<\/span>\n\t\t\t\t\t\t\t\t\t<\/div>\n\t\t\t<\/div>\n\t\t\t\t\t<div class=\"qode-aig-image qode-item-space\">\n\t\t\t\t<div class=\"qode-aig-image-inner\">\n\t\t\t\t\t\t\t\t\t\t\t<img loading=\"lazy\" decoding=\"async\" width=\"960\" height=\"720\" src=\"https:\/\/lesaffre-algerie.com\/wp-content\/uploads\/2021\/12\/263388921_582773462953140_4465833960740676046_n.jpg\" class=\"attachment-full size-full\" alt=\"\" srcset=\"https:\/\/lesaffre-algerie.com\/wp-content\/uploads\/2021\/12\/263388921_582773462953140_4465833960740676046_n.jpg 960w, https:\/\/lesaffre-algerie.com\/wp-content\/uploads\/2021\/12\/263388921_582773462953140_4465833960740676046_n-300x225.jpg 300w, https:\/\/lesaffre-algerie.com\/wp-content\/uploads\/2021\/12\/263388921_582773462953140_4465833960740676046_n-768x576.jpg 768w, https:\/\/lesaffre-algerie.com\/wp-content\/uploads\/2021\/12\/263388921_582773462953140_4465833960740676046_n-800x600.jpg 800w, https:\/\/lesaffre-algerie.com\/wp-content\/uploads\/2021\/12\/263388921_582773462953140_4465833960740676046_n-700x525.jpg 700w\" sizes=\"auto, (max-width: 960px) 100vw, 960px\" \/>\t\t\t\t\t\t<span class=\"aig-gallery-hover\">\n\t\t\t\t\t\t\t\t\t\t\t\t\t<\/span>\n\t\t\t\t\t\t\t\t\t<\/div>\n\t\t\t<\/div>\n\t\t\t\t\t<div class=\"qode-aig-image qode-item-space\">\n\t\t\t\t<div class=\"qode-aig-image-inner\">\n\t\t\t\t\t\t\t\t\t\t\t<img loading=\"lazy\" decoding=\"async\" width=\"960\" height=\"720\" src=\"https:\/\/lesaffre-algerie.com\/wp-content\/uploads\/2021\/12\/264010474_433910904774398_8134647708690833374_n.jpg\" class=\"attachment-full size-full\" alt=\"\" srcset=\"https:\/\/lesaffre-algerie.com\/wp-content\/uploads\/2021\/12\/264010474_433910904774398_8134647708690833374_n.jpg 960w, https:\/\/lesaffre-algerie.com\/wp-content\/uploads\/2021\/12\/264010474_433910904774398_8134647708690833374_n-300x225.jpg 300w, https:\/\/lesaffre-algerie.com\/wp-content\/uploads\/2021\/12\/264010474_433910904774398_8134647708690833374_n-768x576.jpg 768w, https:\/\/lesaffre-algerie.com\/wp-content\/uploads\/2021\/12\/264010474_433910904774398_8134647708690833374_n-800x600.jpg 800w, https:\/\/lesaffre-algerie.com\/wp-content\/uploads\/2021\/12\/264010474_433910904774398_8134647708690833374_n-700x525.jpg 700w\" sizes=\"auto, (max-width: 960px) 100vw, 960px\" \/>\t\t\t\t\t\t<span class=\"aig-gallery-hover\">\n\t\t\t\t\t\t\t\t\t\t\t\t\t<\/span>\n\t\t\t\t\t\t\t\t\t<\/div>\n\t\t\t<\/div>\n\t\t\t<\/div>\n<\/div>[vc_separator type=\u00a0\u00bbtransparent\u00a0\u00bb][vc_column_text]Cette fois, c\u2019\u00e9tait au tour d\u2019un groupe d\u2019\u00e9tudiants sp\u00e9cialis\u00e9s en technologie des c\u00e9r\u00e9ales et d\u00e9riv\u00e9s de l&rsquo;institut des sciences et techniques appliqu\u00e9es de l&rsquo;universit\u00e9 de blida 1, le groupe a \u00e9t\u00e9 re\u00e7u par Mohand Meziani, le responsable du Baking Center d\u2019Alger, durant une journ\u00e9e portes ouvertes sous le signe de l\u2019apprentissage et la d\u00e9couverte.<\/p>\n<p>&nbsp;<\/p>\n<p>Mohand a su nourrir la curiosit\u00e9 des \u00e9tudiants en transmettant les bases de la panification sous forme d\u2019une s\u00e9ance th\u00e9orique suivie par des ateliers et des tests durant lesquels les \u00e9tudiants ont adopt\u00e9 plusieurs m\u00e9thodes et techniques pour maitriser le processus de panification ainsi que les astuces pour r\u00e9ussir leurs pr\u00e9parations boulang\u00e8res.<\/p>\n<p>&nbsp;<\/p>\n<p>Si vous aussi vous \u00eates des professionnels \u00e0 la recherche d\u2019un centre d\u2019expertise pour am\u00e9liorer vos comp\u00e9tences en boulangerie, n\u2019h\u00e9sitez pas \u00e0 nous \u00e9crire sur l\u2019adresse e-mail suivante\u00a0: <a href=\"mailto:info.algerie@lesaffre.com\">info.algerie@lesaffre.com<\/a>[\/vc_column_text][\/vc_column][\/vc_row]<\/p>\n<\/div>","protected":false},"excerpt":{"rendered":"<p>\u00catre leader c\u2019est aussi savoir transmettre les comp\u00e9tences et les expertises, pour cela Lesaffre Alg\u00e9rie \u00e0 travers son Baking Center d\u2019Alger s\u2019ouvre<\/p>\n","protected":false},"author":1,"featured_media":23839,"comment_status":"closed","ping_status":"closed","sticky":false,"template":"","format":"standard","meta":{"footnotes":""},"categories":[5],"tags":[],"class_list":["post-23836","post","type-post","status-publish","format-standard","has-post-thumbnail","hentry","category-actualites"],"yoast_head":"<!-- This site is optimized with the Yoast SEO Premium plugin v22.3 (Yoast SEO v27.4) - https:\/\/yoast.com\/product\/yoast-seo-premium-wordpress\/ -->\n<title>Une journ\u00e9e portes ouvertes pour l\u2019apprentissage \u2022 Lesaffre Alg\u00e9rie<\/title>\n<meta name=\"description\" content=\"\u00catre leader c\u2019est aussi savoir transmettre les comp\u00e9tences et les expertises, pour cela Lesaffre Alg\u00e9rie \u00e0 travers son Baking Center d\u2019Alger s\u2019ouvre aux futurs professionnels dans le domaine de la panification et des m\u00e9tiers li\u00e9s.\" \/>\n<meta name=\"robots\" content=\"index, follow, max-snippet:-1, max-image-preview:large, max-video-preview:-1\" \/>\n<link rel=\"canonical\" href=\"https:\/\/lesaffre-algerie.com\/fr\/actualites\/une-journee-portes-ouvertes-sous-le-signe-de-lapprentissage\/\" \/>\n<meta property=\"og:locale\" content=\"fr_FR\" \/>\n<meta property=\"og:type\" content=\"article\" \/>\n<meta property=\"og:title\" content=\"Une journ\u00e9e portes ouvertes sous le signe de l\u2019apprentissage\" \/>\n<meta property=\"og:description\" content=\"\u00catre leader c\u2019est aussi savoir transmettre les comp\u00e9tences et les expertises, pour cela Lesaffre Alg\u00e9rie \u00e0 travers son Baking Center d\u2019Alger s\u2019ouvre aux futurs professionnels dans le domaine de la panification et des m\u00e9tiers li\u00e9s.\" \/>\n<meta property=\"og:url\" content=\"https:\/\/lesaffre-algerie.com\/fr\/actualites\/une-journee-portes-ouvertes-sous-le-signe-de-lapprentissage\/\" \/>\n<meta property=\"og:site_name\" content=\"LESAFFRE Alg\u00e9rie\" \/>\n<meta property=\"article:published_time\" content=\"2021-12-10T06:00:30+00:00\" \/>\n<meta property=\"article:modified_time\" content=\"2022-11-09T09:45:42+00:00\" \/>\n<meta property=\"og:image\" content=\"https:\/\/lesaffre-algerie.com\/wp-content\/uploads\/2021\/12\/Portes-ouvertes.jpg\" \/>\n\t<meta property=\"og:image:width\" content=\"740\" \/>\n\t<meta property=\"og:image:height\" content=\"463\" \/>\n\t<meta property=\"og:image:type\" content=\"image\/jpeg\" \/>\n<meta name=\"author\" content=\"olivier@ovm-communication.fr\" \/>\n<meta name=\"twitter:card\" content=\"summary_large_image\" \/>\n<meta name=\"twitter:label1\" content=\"\u00c9crit par\" \/>\n\t<meta name=\"twitter:data1\" content=\"olivier@ovm-communication.fr\" \/>\n\t<meta name=\"twitter:label2\" content=\"Dur\u00e9e de lecture estim\u00e9e\" \/>\n\t<meta name=\"twitter:data2\" content=\"1 minute\" \/>\n<script type=\"application\/ld+json\" class=\"yoast-schema-graph\">{\"@context\":\"https:\\\/\\\/schema.org\",\"@graph\":[{\"@type\":\"Article\",\"@id\":\"https:\\\/\\\/lesaffre-algerie.com\\\/fr\\\/actualites\\\/une-journee-portes-ouvertes-sous-le-signe-de-lapprentissage\\\/#article\",\"isPartOf\":{\"@id\":\"https:\\\/\\\/lesaffre-algerie.com\\\/fr\\\/actualites\\\/une-journee-portes-ouvertes-sous-le-signe-de-lapprentissage\\\/\"},\"author\":{\"name\":\"olivier@ovm-communication.fr\",\"@id\":\"https:\\\/\\\/lesaffre-algerie.com\\\/fr\\\/#\\\/schema\\\/person\\\/055bf0bf0da7f02d990c55b6704e694f\"},\"headline\":\"Une journ\u00e9e portes ouvertes sous le signe de l\u2019apprentissage\",\"datePublished\":\"2021-12-10T06:00:30+00:00\",\"dateModified\":\"2022-11-09T09:45:42+00:00\",\"mainEntityOfPage\":{\"@id\":\"https:\\\/\\\/lesaffre-algerie.com\\\/fr\\\/actualites\\\/une-journee-portes-ouvertes-sous-le-signe-de-lapprentissage\\\/\"},\"wordCount\":308,\"image\":{\"@id\":\"https:\\\/\\\/lesaffre-algerie.com\\\/fr\\\/actualites\\\/une-journee-portes-ouvertes-sous-le-signe-de-lapprentissage\\\/#primaryimage\"},\"thumbnailUrl\":\"https:\\\/\\\/lesaffre-algerie.com\\\/wp-content\\\/uploads\\\/2021\\\/12\\\/Portes-ouvertes.jpg\",\"articleSection\":[\"Actualit\u00e9s\"],\"inLanguage\":\"fr-FR\"},{\"@type\":\"WebPage\",\"@id\":\"https:\\\/\\\/lesaffre-algerie.com\\\/fr\\\/actualites\\\/une-journee-portes-ouvertes-sous-le-signe-de-lapprentissage\\\/\",\"url\":\"https:\\\/\\\/lesaffre-algerie.com\\\/fr\\\/actualites\\\/une-journee-portes-ouvertes-sous-le-signe-de-lapprentissage\\\/\",\"name\":\"Une journ\u00e9e portes ouvertes pour l\u2019apprentissage \u2022 Lesaffre Alg\u00e9rie\",\"isPartOf\":{\"@id\":\"https:\\\/\\\/lesaffre-algerie.com\\\/fr\\\/#website\"},\"primaryImageOfPage\":{\"@id\":\"https:\\\/\\\/lesaffre-algerie.com\\\/fr\\\/actualites\\\/une-journee-portes-ouvertes-sous-le-signe-de-lapprentissage\\\/#primaryimage\"},\"image\":{\"@id\":\"https:\\\/\\\/lesaffre-algerie.com\\\/fr\\\/actualites\\\/une-journee-portes-ouvertes-sous-le-signe-de-lapprentissage\\\/#primaryimage\"},\"thumbnailUrl\":\"https:\\\/\\\/lesaffre-algerie.com\\\/wp-content\\\/uploads\\\/2021\\\/12\\\/Portes-ouvertes.jpg\",\"datePublished\":\"2021-12-10T06:00:30+00:00\",\"dateModified\":\"2022-11-09T09:45:42+00:00\",\"author\":{\"@id\":\"https:\\\/\\\/lesaffre-algerie.com\\\/fr\\\/#\\\/schema\\\/person\\\/055bf0bf0da7f02d990c55b6704e694f\"},\"description\":\"\u00catre leader c\u2019est aussi savoir transmettre les comp\u00e9tences et les expertises, pour cela Lesaffre Alg\u00e9rie \u00e0 travers son Baking Center d\u2019Alger s\u2019ouvre aux futurs professionnels dans le domaine de la panification et des m\u00e9tiers li\u00e9s.\",\"breadcrumb\":{\"@id\":\"https:\\\/\\\/lesaffre-algerie.com\\\/fr\\\/actualites\\\/une-journee-portes-ouvertes-sous-le-signe-de-lapprentissage\\\/#breadcrumb\"},\"inLanguage\":\"fr-FR\",\"potentialAction\":[{\"@type\":\"ReadAction\",\"target\":[\"https:\\\/\\\/lesaffre-algerie.com\\\/fr\\\/actualites\\\/une-journee-portes-ouvertes-sous-le-signe-de-lapprentissage\\\/\"]}]},{\"@type\":\"ImageObject\",\"inLanguage\":\"fr-FR\",\"@id\":\"https:\\\/\\\/lesaffre-algerie.com\\\/fr\\\/actualites\\\/une-journee-portes-ouvertes-sous-le-signe-de-lapprentissage\\\/#primaryimage\",\"url\":\"https:\\\/\\\/lesaffre-algerie.com\\\/wp-content\\\/uploads\\\/2021\\\/12\\\/Portes-ouvertes.jpg\",\"contentUrl\":\"https:\\\/\\\/lesaffre-algerie.com\\\/wp-content\\\/uploads\\\/2021\\\/12\\\/Portes-ouvertes.jpg\",\"width\":740,\"height\":463,\"caption\":\"portes ouvertes\"},{\"@type\":\"BreadcrumbList\",\"@id\":\"https:\\\/\\\/lesaffre-algerie.com\\\/fr\\\/actualites\\\/une-journee-portes-ouvertes-sous-le-signe-de-lapprentissage\\\/#breadcrumb\",\"itemListElement\":[{\"@type\":\"ListItem\",\"position\":1,\"name\":\"Accueil\",\"item\":\"https:\\\/\\\/lesaffre-algerie.com\\\/fr\\\/\"},{\"@type\":\"ListItem\",\"position\":2,\"name\":\"Une journ\u00e9e portes ouvertes sous le signe de l\u2019apprentissage\"}]},{\"@type\":\"WebSite\",\"@id\":\"https:\\\/\\\/lesaffre-algerie.com\\\/fr\\\/#website\",\"url\":\"https:\\\/\\\/lesaffre-algerie.com\\\/fr\\\/\",\"name\":\"LESAFFRE Alg\u00e9rie\",\"description\":\"Levures de cuisson, am\u00e9liorants pour le pain et sant\u00e9\",\"potentialAction\":[{\"@type\":\"SearchAction\",\"target\":{\"@type\":\"EntryPoint\",\"urlTemplate\":\"https:\\\/\\\/lesaffre-algerie.com\\\/fr\\\/?s={search_term_string}\"},\"query-input\":{\"@type\":\"PropertyValueSpecification\",\"valueRequired\":true,\"valueName\":\"search_term_string\"}}],\"inLanguage\":\"fr-FR\"},{\"@type\":\"Person\",\"@id\":\"https:\\\/\\\/lesaffre-algerie.com\\\/fr\\\/#\\\/schema\\\/person\\\/055bf0bf0da7f02d990c55b6704e694f\",\"name\":\"olivier@ovm-communication.fr\"}]}<\/script>\n<!-- \/ Yoast SEO Premium plugin. -->","yoast_head_json":{"title":"Une journ\u00e9e portes ouvertes pour l\u2019apprentissage \u2022 Lesaffre Alg\u00e9rie","description":"\u00catre leader c\u2019est aussi savoir transmettre les comp\u00e9tences et les expertises, pour cela Lesaffre Alg\u00e9rie \u00e0 travers son Baking Center d\u2019Alger s\u2019ouvre aux futurs professionnels dans le domaine de la panification et des m\u00e9tiers li\u00e9s.","robots":{"index":"index","follow":"follow","max-snippet":"max-snippet:-1","max-image-preview":"max-image-preview:large","max-video-preview":"max-video-preview:-1"},"canonical":"https:\/\/lesaffre-algerie.com\/fr\/actualites\/une-journee-portes-ouvertes-sous-le-signe-de-lapprentissage\/","og_locale":"fr_FR","og_type":"article","og_title":"Une journ\u00e9e portes ouvertes sous le signe de l\u2019apprentissage","og_description":"\u00catre leader c\u2019est aussi savoir transmettre les comp\u00e9tences et les expertises, pour cela Lesaffre Alg\u00e9rie \u00e0 travers son Baking Center d\u2019Alger s\u2019ouvre aux futurs professionnels dans le domaine de la panification et des m\u00e9tiers li\u00e9s.","og_url":"https:\/\/lesaffre-algerie.com\/fr\/actualites\/une-journee-portes-ouvertes-sous-le-signe-de-lapprentissage\/","og_site_name":"LESAFFRE Alg\u00e9rie","article_published_time":"2021-12-10T06:00:30+00:00","article_modified_time":"2022-11-09T09:45:42+00:00","og_image":[{"width":740,"height":463,"url":"https:\/\/lesaffre-algerie.com\/wp-content\/uploads\/2021\/12\/Portes-ouvertes.jpg","type":"image\/jpeg"}],"author":"olivier@ovm-communication.fr","twitter_card":"summary_large_image","twitter_misc":{"\u00c9crit par":"olivier@ovm-communication.fr","Dur\u00e9e de lecture estim\u00e9e":"1 minute"},"schema":{"@context":"https:\/\/schema.org","@graph":[{"@type":"Article","@id":"https:\/\/lesaffre-algerie.com\/fr\/actualites\/une-journee-portes-ouvertes-sous-le-signe-de-lapprentissage\/#article","isPartOf":{"@id":"https:\/\/lesaffre-algerie.com\/fr\/actualites\/une-journee-portes-ouvertes-sous-le-signe-de-lapprentissage\/"},"author":{"name":"olivier@ovm-communication.fr","@id":"https:\/\/lesaffre-algerie.com\/fr\/#\/schema\/person\/055bf0bf0da7f02d990c55b6704e694f"},"headline":"Une journ\u00e9e portes ouvertes sous le signe de l\u2019apprentissage","datePublished":"2021-12-10T06:00:30+00:00","dateModified":"2022-11-09T09:45:42+00:00","mainEntityOfPage":{"@id":"https:\/\/lesaffre-algerie.com\/fr\/actualites\/une-journee-portes-ouvertes-sous-le-signe-de-lapprentissage\/"},"wordCount":308,"image":{"@id":"https:\/\/lesaffre-algerie.com\/fr\/actualites\/une-journee-portes-ouvertes-sous-le-signe-de-lapprentissage\/#primaryimage"},"thumbnailUrl":"https:\/\/lesaffre-algerie.com\/wp-content\/uploads\/2021\/12\/Portes-ouvertes.jpg","articleSection":["Actualit\u00e9s"],"inLanguage":"fr-FR"},{"@type":"WebPage","@id":"https:\/\/lesaffre-algerie.com\/fr\/actualites\/une-journee-portes-ouvertes-sous-le-signe-de-lapprentissage\/","url":"https:\/\/lesaffre-algerie.com\/fr\/actualites\/une-journee-portes-ouvertes-sous-le-signe-de-lapprentissage\/","name":"Une journ\u00e9e portes ouvertes pour l\u2019apprentissage \u2022 Lesaffre Alg\u00e9rie","isPartOf":{"@id":"https:\/\/lesaffre-algerie.com\/fr\/#website"},"primaryImageOfPage":{"@id":"https:\/\/lesaffre-algerie.com\/fr\/actualites\/une-journee-portes-ouvertes-sous-le-signe-de-lapprentissage\/#primaryimage"},"image":{"@id":"https:\/\/lesaffre-algerie.com\/fr\/actualites\/une-journee-portes-ouvertes-sous-le-signe-de-lapprentissage\/#primaryimage"},"thumbnailUrl":"https:\/\/lesaffre-algerie.com\/wp-content\/uploads\/2021\/12\/Portes-ouvertes.jpg","datePublished":"2021-12-10T06:00:30+00:00","dateModified":"2022-11-09T09:45:42+00:00","author":{"@id":"https:\/\/lesaffre-algerie.com\/fr\/#\/schema\/person\/055bf0bf0da7f02d990c55b6704e694f"},"description":"\u00catre leader c\u2019est aussi savoir transmettre les comp\u00e9tences et les expertises, pour cela Lesaffre Alg\u00e9rie \u00e0 travers son Baking Center d\u2019Alger s\u2019ouvre aux futurs professionnels dans le domaine de la panification et des m\u00e9tiers li\u00e9s.","breadcrumb":{"@id":"https:\/\/lesaffre-algerie.com\/fr\/actualites\/une-journee-portes-ouvertes-sous-le-signe-de-lapprentissage\/#breadcrumb"},"inLanguage":"fr-FR","potentialAction":[{"@type":"ReadAction","target":["https:\/\/lesaffre-algerie.com\/fr\/actualites\/une-journee-portes-ouvertes-sous-le-signe-de-lapprentissage\/"]}]},{"@type":"ImageObject","inLanguage":"fr-FR","@id":"https:\/\/lesaffre-algerie.com\/fr\/actualites\/une-journee-portes-ouvertes-sous-le-signe-de-lapprentissage\/#primaryimage","url":"https:\/\/lesaffre-algerie.com\/wp-content\/uploads\/2021\/12\/Portes-ouvertes.jpg","contentUrl":"https:\/\/lesaffre-algerie.com\/wp-content\/uploads\/2021\/12\/Portes-ouvertes.jpg","width":740,"height":463,"caption":"portes ouvertes"},{"@type":"BreadcrumbList","@id":"https:\/\/lesaffre-algerie.com\/fr\/actualites\/une-journee-portes-ouvertes-sous-le-signe-de-lapprentissage\/#breadcrumb","itemListElement":[{"@type":"ListItem","position":1,"name":"Accueil","item":"https:\/\/lesaffre-algerie.com\/fr\/"},{"@type":"ListItem","position":2,"name":"Une journ\u00e9e portes ouvertes sous le signe de l\u2019apprentissage"}]},{"@type":"WebSite","@id":"https:\/\/lesaffre-algerie.com\/fr\/#website","url":"https:\/\/lesaffre-algerie.com\/fr\/","name":"LESAFFRE Alg\u00e9rie","description":"Levures de cuisson, am\u00e9liorants pour le pain et sant\u00e9","potentialAction":[{"@type":"SearchAction","target":{"@type":"EntryPoint","urlTemplate":"https:\/\/lesaffre-algerie.com\/fr\/?s={search_term_string}"},"query-input":{"@type":"PropertyValueSpecification","valueRequired":true,"valueName":"search_term_string"}}],"inLanguage":"fr-FR"},{"@type":"Person","@id":"https:\/\/lesaffre-algerie.com\/fr\/#\/schema\/person\/055bf0bf0da7f02d990c55b6704e694f","name":"olivier@ovm-communication.fr"}]}},"featured_image_src":"https:\/\/lesaffre-algerie.com\/wp-content\/uploads\/2021\/12\/Portes-ouvertes-150x150.jpg","_links":{"self":[{"href":"https:\/\/lesaffre-algerie.com\/fr\/wp-json\/wp\/v2\/posts\/23836","targetHints":{"allow":["GET"]}}],"collection":[{"href":"https:\/\/lesaffre-algerie.com\/fr\/wp-json\/wp\/v2\/posts"}],"about":[{"href":"https:\/\/lesaffre-algerie.com\/fr\/wp-json\/wp\/v2\/types\/post"}],"author":[{"embeddable":true,"href":"https:\/\/lesaffre-algerie.com\/fr\/wp-json\/wp\/v2\/users\/1"}],"replies":[{"embeddable":true,"href":"https:\/\/lesaffre-algerie.com\/fr\/wp-json\/wp\/v2\/comments?post=23836"}],"version-history":[{"count":1,"href":"https:\/\/lesaffre-algerie.com\/fr\/wp-json\/wp\/v2\/posts\/23836\/revisions"}],"predecessor-version":[{"id":24464,"href":"https:\/\/lesaffre-algerie.com\/fr\/wp-json\/wp\/v2\/posts\/23836\/revisions\/24464"}],"wp:featuredmedia":[{"embeddable":true,"href":"https:\/\/lesaffre-algerie.com\/fr\/wp-json\/wp\/v2\/media\/23839"}],"wp:attachment":[{"href":"https:\/\/lesaffre-algerie.com\/fr\/wp-json\/wp\/v2\/media?parent=23836"}],"wp:term":[{"taxonomy":"category","embeddable":true,"href":"https:\/\/lesaffre-algerie.com\/fr\/wp-json\/wp\/v2\/categories?post=23836"},{"taxonomy":"post_tag","embeddable":true,"href":"https:\/\/lesaffre-algerie.com\/fr\/wp-json\/wp\/v2\/tags?post=23836"}],"curies":[{"name":"wp","href":"https:\/\/api.w.org\/{rel}","templated":true}]}}