{"id":24391,"date":"2022-09-13T11:16:14","date_gmt":"2022-09-13T10:16:14","guid":{"rendered":"https:\/\/lesaffre-algerie.com\/?p=24391"},"modified":"2022-09-13T11:16:14","modified_gmt":"2022-09-13T10:16:14","slug":"des-boulangers-talentueux-avec-des-histoires-inspirantes","status":"publish","type":"post","link":"https:\/\/lesaffre-algerie.com\/fr\/actualites\/des-boulangers-talentueux-avec-des-histoires-inspirantes\/","title":{"rendered":"Des boulangers talentueux avec des histoires inspirantes"},"content":{"rendered":"<div class=\"wpb-content-wrapper\"><p>[vc_row css_animation=\u00a0\u00bb\u00a0\u00bb row_type=\u00a0\u00bbrow\u00a0\u00bb use_row_as_full_screen_section=\u00a0\u00bbno\u00a0\u00bb type=\u00a0\u00bbfull_width\u00a0\u00bb angled_section=\u00a0\u00bbno\u00a0\u00bb text_align=\u00a0\u00bbleft\u00a0\u00bb background_image_as_pattern=\u00a0\u00bbwithout_pattern\u00a0\u00bb][vc_column][vc_column_text]<strong>Apr\u00e8s <u><a href=\"https:\/\/www.youtube.com\/watch?v=QGSJ7b1rNrc&amp;list=PLkKXjAdYwlZ0aXbuOr02zutnnG1ui-58C\" target=\"_blank\" rel=\"noopener\">une premi\u00e8re<\/a><\/u> et une <u><a href=\"https:\/\/www.youtube.com\/watch?v=DjyRcmp2OpA&amp;list=PLkKXjAdYwlZ1zoYiluSUneBEvdnfR7HMf\" target=\"_blank\" rel=\"noopener\">deuxi\u00e8me saison<\/a><\/u> de \u00ab\u00a0il \u00e9tait une fois un talent\u00a0\u00bb dans lesquelles elle a retrac\u00e9 le parcours de Hayat Ait Lounis la gagnante Alg\u00e9rie du Saf Challenge Africa 2022, la marque Saf-instant est revenue avec une troisi\u00e8me saison qui a tenu toutes ses promesses\u00a0: des histoires passionnantes, \u00e9mouvantes avec des boulangers talentueux qui n\u2019h\u00e9sitent pas \u00e0 partager leur savoir-faire et leur passion de la boulangerie.<\/strong>[\/vc_column_text][vc_separator type=\u00a0\u00bbtransparent\u00a0\u00bb up=\u00a0\u00bb15&Prime; down=\u00a0\u00bb15&Prime;][vc_single_image image=\u00a0\u00bb24395&Prime; img_size=\u00a0\u00bbfull\u00a0\u00bb alignment=\u00a0\u00bbcenter\u00a0\u00bb qode_css_animation=\u00a0\u00bb\u00a0\u00bb][vc_separator type=\u00a0\u00bbtransparent\u00a0\u00bb up=\u00a0\u00bb15&Prime; down=\u00a0\u00bb15&Prime;][vc_column_text]Tout a commenc\u00e9 avec la visite de Saf-instant \u00e0 la boulangerie \u00ab\u00a0Le fournil\u00a0\u00bb \u00e0 Oran, o\u00f9 les \u00e9quipes de la marque ont rencontr\u00e9 Mustapha. Souriant et tr\u00e8s accueillant il s\u2019est livr\u00e9 face \u00e0 la cam\u00e9ra pour raconter sa passion de la boulangerie transmise par sa d\u00e9funte grand-m\u00e8re. Son parcours scolaire est atypique car il est pass\u00e9 de l\u2019univers de l\u2019informatique \u00e0 celui de boulanger, il s\u2019est d\u00e9couvert une passion qui est devenue un projet de vie, un projet familial\u00a0: cr\u00e9er une boulangerie de renomm\u00e9e \u00e0 Oran. Aujourd\u2019hui Mustapha est p\u00e8re de famille, son m\u00e9tier est transmis quotidiennement \u00e0 ses enfants qui reprendront un jour la boulangerie \u00ab\u00a0Le fournil\u00a0\u00bb\u00a0![\/vc_column_text][vc_separator type=\u00a0\u00bbtransparent\u00a0\u00bb up=\u00a0\u00bb15&Prime; down=\u00a0\u00bb15&Prime;][vc_row_inner row_type=\u00a0\u00bbrow\u00a0\u00bb type=\u00a0\u00bbfull_width\u00a0\u00bb text_align=\u00a0\u00bbleft\u00a0\u00bb css_animation=\u00a0\u00bb\u00a0\u00bb][vc_column_inner width=\u00a0\u00bb1\/4&Prime;][vc_column_text]Il nous en dira beaucoup plus en vid\u00e9o\u00a0:[\/vc_column_text][\/vc_column_inner][vc_column_inner width=\u00a0\u00bb3\/4&Prime;][vc_video link=\u00a0\u00bbhttps:\/\/vimeo.com\/749111870&Prime;][\/vc_column_inner][\/vc_row_inner][vc_separator type=\u00a0\u00bbtransparent\u00a0\u00bb up=\u00a0\u00bb15&Prime; down=\u00a0\u00bb15&Prime;][vc_column_text]<\/p>\n<div>\n<p>Nous reprenons la route cette fois vers Alger, avec un arr\u00eat \u00e0 la \u00abla maison Rahali\u00a0\u00bb de Draria, une boulangerie qui porte entre ses murs une histoire, un h\u00e9ritage de savoir faire et de connaissances dans le domaine de la boulangerie, laiss\u00e9 par le p\u00e8re Rahali \u00e0 ses enfants.<\/p><\/div>\n<div>\n<p>Rezki, le plus \u00e2g\u00e9 des fr\u00e8res Rahali nous raconte le pass\u00e9 et les bons moments qu\u2019il a v\u00e9cus avec son d\u00e9funt p\u00e8re et l\u2019importance de la transmission du m\u00e9tier. Ceci lui a permis de comprendre le r\u00f4le que joue le pain dans la soci\u00e9t\u00e9 Alg\u00e9rienne, r\u00e9pondant ainsi aux besoins de ses clients pour les satisfaire avec un produit de qualit\u00e9, moderne et qui apporte une valeur nutritionnelle importante.<\/p><\/div>\n<p>[\/vc_column_text][vc_separator type=\u00a0\u00bbtransparent\u00a0\u00bb up=\u00a0\u00bb15&Prime; down=\u00a0\u00bb15&Prime;][vc_row_inner row_type=\u00a0\u00bbrow\u00a0\u00bb type=\u00a0\u00bbfull_width\u00a0\u00bb text_align=\u00a0\u00bbleft\u00a0\u00bb css_animation=\u00a0\u00bb\u00a0\u00bb][vc_column_inner width=\u00a0\u00bb1\/4&Prime;][vc_column_text]Il nous en dira beaucoup plus en vid\u00e9o\u00a0:[\/vc_column_text][\/vc_column_inner][vc_column_inner width=\u00a0\u00bb3\/4&Prime;][vc_video link=\u00a0\u00bbhttps:\/\/vimeo.com\/749111907&Prime;][\/vc_column_inner][\/vc_row_inner][vc_separator type=\u00a0\u00bbtransparent\u00a0\u00bb up=\u00a0\u00bb15&Prime; down=\u00a0\u00bb15&Prime;][vc_column_text]<\/p>\n<div>\n<p>Dernier stop \u00e0 M\u2019sila, et plus pr\u00e9cis\u00e9ment \u00e0 la boulangerie Akrib, l\u2019une des boulangeries les plus connues par les habitants de M\u2019sila et alentours, pas que pour les vari\u00e9t\u00e9s de pains, viennoiseries et brioches propos\u00e9es, mais aussi pour l\u2019exp\u00e9rience et le palmar\u00e8s de celui qui fait de cette boulangerie la destination de tout amoureux de produits panifi\u00e9s.<\/p><\/div>\n<div>\n<p>Abdenour n\u2019est pas qu\u2019un simple boulanger, ce comp\u00e9titeur passionn\u00e9 d\u00e9tient des titres dans plusieurs comp\u00e9titions et concours de boulangerie, fid\u00e8le \u00e0 la marque Saf-instant et aux produits Lesaffre, il a eu l\u2019occasion de participer et de remporter des comp\u00e9titions organis\u00e9es par la marque \u00e0 l\u2019\u00e9chelle continentale, et aujourd\u2019hui Abdenour aspire \u00e0 la cr\u00e9ation d\u2019une \u00e9cole au sein de sa boulangerie industrielle afin de transmettre et partager sa passion et ses connaissances de la boulangerie.<\/p><\/div>\n<p>[\/vc_column_text][vc_separator type=\u00a0\u00bbtransparent\u00a0\u00bb up=\u00a0\u00bb15&Prime; down=\u00a0\u00bb15&Prime;][vc_row_inner row_type=\u00a0\u00bbrow\u00a0\u00bb type=\u00a0\u00bbfull_width\u00a0\u00bb text_align=\u00a0\u00bbleft\u00a0\u00bb css_animation=\u00a0\u00bb\u00a0\u00bb][vc_column_inner width=\u00a0\u00bb1\/4&Prime;][vc_column_text]D\u00e9couvrez son histoire sur cette vid\u00e9o[\/vc_column_text][\/vc_column_inner][vc_column_inner width=\u00a0\u00bb3\/4&Prime;][vc_video link=\u00a0\u00bbhttps:\/\/vimeo.com\/749111949&Prime;][\/vc_column_inner][\/vc_row_inner][\/vc_column][\/vc_row]<\/p>\n<\/div>","protected":false},"excerpt":{"rendered":"<p>La marque Saf-instant revient avec une troisi\u00e8me saison qui a tenu toutes ses promesses : des histoires passionnantes, \u00e9mouvantes avec des boulangers talentueux qui n\u2019h\u00e9sitent pas \u00e0 partager leur savoir-faire et leur passion de la boulangerie.<\/p>\n","protected":false},"author":1,"featured_media":24395,"comment_status":"closed","ping_status":"closed","sticky":false,"template":"","format":"standard","meta":{"footnotes":""},"categories":[5],"tags":[],"class_list":["post-24391","post","type-post","status-publish","format-standard","has-post-thumbnail","hentry","category-actualites"],"yoast_head":"<!-- This site is optimized with the Yoast SEO Premium plugin v22.3 (Yoast SEO v27.5) - https:\/\/yoast.com\/product\/yoast-seo-premium-wordpress\/ -->\n<title>Des boulangers talentueux avec des histoires inspirantes \u2022 Lesaffre Alg\u00e9rie<\/title>\n<meta name=\"description\" content=\"La marque Saf-instant est revenue avec une troisi\u00e8me saison qui a tenu toutes ses promesses : des histoires passionnantes, \u00e9mouvantes avec des boulangers talentueux qui n\u2019h\u00e9sitent pas \u00e0 partager leur savoir-faire et leur passion de la boulangerie.\" \/>\n<meta name=\"robots\" content=\"index, follow, max-snippet:-1, max-image-preview:large, max-video-preview:-1\" \/>\n<link rel=\"canonical\" href=\"https:\/\/lesaffre-algerie.com\/fr\/actualites\/des-boulangers-talentueux-avec-des-histoires-inspirantes\/\" \/>\n<meta property=\"og:locale\" content=\"fr_FR\" \/>\n<meta property=\"og:type\" content=\"article\" \/>\n<meta property=\"og:title\" content=\"Des boulangers talentueux avec des histoires inspirantes\" \/>\n<meta property=\"og:description\" content=\"La marque Saf-instant est revenue avec une troisi\u00e8me saison qui a tenu toutes ses promesses : des histoires passionnantes, \u00e9mouvantes avec des boulangers talentueux qui n\u2019h\u00e9sitent pas \u00e0 partager leur savoir-faire et leur passion de la boulangerie.\" \/>\n<meta property=\"og:url\" content=\"https:\/\/lesaffre-algerie.com\/fr\/actualites\/des-boulangers-talentueux-avec-des-histoires-inspirantes\/\" \/>\n<meta property=\"og:site_name\" content=\"LESAFFRE Alg\u00e9rie\" \/>\n<meta property=\"article:published_time\" content=\"2022-09-13T10:16:14+00:00\" \/>\n<meta property=\"og:image\" content=\"https:\/\/lesaffre-algerie.com\/wp-content\/uploads\/2022\/09\/baker-1920x800-1.png\" \/>\n\t<meta property=\"og:image:width\" content=\"1920\" \/>\n\t<meta property=\"og:image:height\" content=\"800\" \/>\n\t<meta property=\"og:image:type\" content=\"image\/png\" \/>\n<meta name=\"author\" content=\"olivier@ovm-communication.fr\" \/>\n<meta name=\"twitter:card\" content=\"summary_large_image\" \/>\n<meta name=\"twitter:label1\" content=\"\u00c9crit par\" \/>\n\t<meta name=\"twitter:data1\" content=\"olivier@ovm-communication.fr\" \/>\n\t<meta name=\"twitter:label2\" content=\"Dur\u00e9e de lecture estim\u00e9e\" \/>\n\t<meta name=\"twitter:data2\" content=\"4 minutes\" \/>\n<script type=\"application\/ld+json\" class=\"yoast-schema-graph\">{\"@context\":\"https:\\\/\\\/schema.org\",\"@graph\":[{\"@type\":\"Article\",\"@id\":\"https:\\\/\\\/lesaffre-algerie.com\\\/fr\\\/actualites\\\/des-boulangers-talentueux-avec-des-histoires-inspirantes\\\/#article\",\"isPartOf\":{\"@id\":\"https:\\\/\\\/lesaffre-algerie.com\\\/fr\\\/actualites\\\/des-boulangers-talentueux-avec-des-histoires-inspirantes\\\/\"},\"author\":{\"name\":\"olivier@ovm-communication.fr\",\"@id\":\"https:\\\/\\\/lesaffre-algerie.com\\\/fr\\\/#\\\/schema\\\/person\\\/055bf0bf0da7f02d990c55b6704e694f\"},\"headline\":\"Des boulangers talentueux avec des histoires inspirantes\",\"datePublished\":\"2022-09-13T10:16:14+00:00\",\"mainEntityOfPage\":{\"@id\":\"https:\\\/\\\/lesaffre-algerie.com\\\/fr\\\/actualites\\\/des-boulangers-talentueux-avec-des-histoires-inspirantes\\\/\"},\"wordCount\":745,\"image\":{\"@id\":\"https:\\\/\\\/lesaffre-algerie.com\\\/fr\\\/actualites\\\/des-boulangers-talentueux-avec-des-histoires-inspirantes\\\/#primaryimage\"},\"thumbnailUrl\":\"https:\\\/\\\/lesaffre-algerie.com\\\/wp-content\\\/uploads\\\/2022\\\/09\\\/baker-1920x800-1.png\",\"articleSection\":[\"Actualit\u00e9s\"],\"inLanguage\":\"fr-FR\"},{\"@type\":\"WebPage\",\"@id\":\"https:\\\/\\\/lesaffre-algerie.com\\\/fr\\\/actualites\\\/des-boulangers-talentueux-avec-des-histoires-inspirantes\\\/\",\"url\":\"https:\\\/\\\/lesaffre-algerie.com\\\/fr\\\/actualites\\\/des-boulangers-talentueux-avec-des-histoires-inspirantes\\\/\",\"name\":\"Des boulangers talentueux avec des histoires inspirantes \u2022 Lesaffre Alg\u00e9rie\",\"isPartOf\":{\"@id\":\"https:\\\/\\\/lesaffre-algerie.com\\\/fr\\\/#website\"},\"primaryImageOfPage\":{\"@id\":\"https:\\\/\\\/lesaffre-algerie.com\\\/fr\\\/actualites\\\/des-boulangers-talentueux-avec-des-histoires-inspirantes\\\/#primaryimage\"},\"image\":{\"@id\":\"https:\\\/\\\/lesaffre-algerie.com\\\/fr\\\/actualites\\\/des-boulangers-talentueux-avec-des-histoires-inspirantes\\\/#primaryimage\"},\"thumbnailUrl\":\"https:\\\/\\\/lesaffre-algerie.com\\\/wp-content\\\/uploads\\\/2022\\\/09\\\/baker-1920x800-1.png\",\"datePublished\":\"2022-09-13T10:16:14+00:00\",\"author\":{\"@id\":\"https:\\\/\\\/lesaffre-algerie.com\\\/fr\\\/#\\\/schema\\\/person\\\/055bf0bf0da7f02d990c55b6704e694f\"},\"description\":\"La marque Saf-instant est revenue avec une troisi\u00e8me saison qui a tenu toutes ses promesses : des histoires passionnantes, \u00e9mouvantes avec des boulangers talentueux qui n\u2019h\u00e9sitent pas \u00e0 partager leur savoir-faire et leur passion de la boulangerie.\",\"breadcrumb\":{\"@id\":\"https:\\\/\\\/lesaffre-algerie.com\\\/fr\\\/actualites\\\/des-boulangers-talentueux-avec-des-histoires-inspirantes\\\/#breadcrumb\"},\"inLanguage\":\"fr-FR\",\"potentialAction\":[{\"@type\":\"ReadAction\",\"target\":[\"https:\\\/\\\/lesaffre-algerie.com\\\/fr\\\/actualites\\\/des-boulangers-talentueux-avec-des-histoires-inspirantes\\\/\"]}]},{\"@type\":\"ImageObject\",\"inLanguage\":\"fr-FR\",\"@id\":\"https:\\\/\\\/lesaffre-algerie.com\\\/fr\\\/actualites\\\/des-boulangers-talentueux-avec-des-histoires-inspirantes\\\/#primaryimage\",\"url\":\"https:\\\/\\\/lesaffre-algerie.com\\\/wp-content\\\/uploads\\\/2022\\\/09\\\/baker-1920x800-1.png\",\"contentUrl\":\"https:\\\/\\\/lesaffre-algerie.com\\\/wp-content\\\/uploads\\\/2022\\\/09\\\/baker-1920x800-1.png\",\"width\":1920,\"height\":800},{\"@type\":\"BreadcrumbList\",\"@id\":\"https:\\\/\\\/lesaffre-algerie.com\\\/fr\\\/actualites\\\/des-boulangers-talentueux-avec-des-histoires-inspirantes\\\/#breadcrumb\",\"itemListElement\":[{\"@type\":\"ListItem\",\"position\":1,\"name\":\"Accueil\",\"item\":\"https:\\\/\\\/lesaffre-algerie.com\\\/fr\\\/\"},{\"@type\":\"ListItem\",\"position\":2,\"name\":\"Des boulangers talentueux avec des histoires inspirantes\"}]},{\"@type\":\"WebSite\",\"@id\":\"https:\\\/\\\/lesaffre-algerie.com\\\/fr\\\/#website\",\"url\":\"https:\\\/\\\/lesaffre-algerie.com\\\/fr\\\/\",\"name\":\"LESAFFRE Alg\u00e9rie\",\"description\":\"Levures de cuisson, am\u00e9liorants pour le pain et sant\u00e9\",\"potentialAction\":[{\"@type\":\"SearchAction\",\"target\":{\"@type\":\"EntryPoint\",\"urlTemplate\":\"https:\\\/\\\/lesaffre-algerie.com\\\/fr\\\/?s={search_term_string}\"},\"query-input\":{\"@type\":\"PropertyValueSpecification\",\"valueRequired\":true,\"valueName\":\"search_term_string\"}}],\"inLanguage\":\"fr-FR\"},{\"@type\":\"Person\",\"@id\":\"https:\\\/\\\/lesaffre-algerie.com\\\/fr\\\/#\\\/schema\\\/person\\\/055bf0bf0da7f02d990c55b6704e694f\",\"name\":\"olivier@ovm-communication.fr\"}]}<\/script>\n<!-- \/ Yoast SEO Premium plugin. -->","yoast_head_json":{"title":"Des boulangers talentueux avec des histoires inspirantes \u2022 Lesaffre Alg\u00e9rie","description":"La marque Saf-instant est revenue avec une troisi\u00e8me saison qui a tenu toutes ses promesses : des histoires passionnantes, \u00e9mouvantes avec des boulangers talentueux qui n\u2019h\u00e9sitent pas \u00e0 partager leur savoir-faire et leur passion de la boulangerie.","robots":{"index":"index","follow":"follow","max-snippet":"max-snippet:-1","max-image-preview":"max-image-preview:large","max-video-preview":"max-video-preview:-1"},"canonical":"https:\/\/lesaffre-algerie.com\/fr\/actualites\/des-boulangers-talentueux-avec-des-histoires-inspirantes\/","og_locale":"fr_FR","og_type":"article","og_title":"Des boulangers talentueux avec des histoires inspirantes","og_description":"La marque Saf-instant est revenue avec une troisi\u00e8me saison qui a tenu toutes ses promesses : des histoires passionnantes, \u00e9mouvantes avec des boulangers talentueux qui n\u2019h\u00e9sitent pas \u00e0 partager leur savoir-faire et leur passion de la boulangerie.","og_url":"https:\/\/lesaffre-algerie.com\/fr\/actualites\/des-boulangers-talentueux-avec-des-histoires-inspirantes\/","og_site_name":"LESAFFRE Alg\u00e9rie","article_published_time":"2022-09-13T10:16:14+00:00","og_image":[{"width":1920,"height":800,"url":"https:\/\/lesaffre-algerie.com\/wp-content\/uploads\/2022\/09\/baker-1920x800-1.png","type":"image\/png"}],"author":"olivier@ovm-communication.fr","twitter_card":"summary_large_image","twitter_misc":{"\u00c9crit par":"olivier@ovm-communication.fr","Dur\u00e9e de lecture estim\u00e9e":"4 minutes"},"schema":{"@context":"https:\/\/schema.org","@graph":[{"@type":"Article","@id":"https:\/\/lesaffre-algerie.com\/fr\/actualites\/des-boulangers-talentueux-avec-des-histoires-inspirantes\/#article","isPartOf":{"@id":"https:\/\/lesaffre-algerie.com\/fr\/actualites\/des-boulangers-talentueux-avec-des-histoires-inspirantes\/"},"author":{"name":"olivier@ovm-communication.fr","@id":"https:\/\/lesaffre-algerie.com\/fr\/#\/schema\/person\/055bf0bf0da7f02d990c55b6704e694f"},"headline":"Des boulangers talentueux avec des histoires inspirantes","datePublished":"2022-09-13T10:16:14+00:00","mainEntityOfPage":{"@id":"https:\/\/lesaffre-algerie.com\/fr\/actualites\/des-boulangers-talentueux-avec-des-histoires-inspirantes\/"},"wordCount":745,"image":{"@id":"https:\/\/lesaffre-algerie.com\/fr\/actualites\/des-boulangers-talentueux-avec-des-histoires-inspirantes\/#primaryimage"},"thumbnailUrl":"https:\/\/lesaffre-algerie.com\/wp-content\/uploads\/2022\/09\/baker-1920x800-1.png","articleSection":["Actualit\u00e9s"],"inLanguage":"fr-FR"},{"@type":"WebPage","@id":"https:\/\/lesaffre-algerie.com\/fr\/actualites\/des-boulangers-talentueux-avec-des-histoires-inspirantes\/","url":"https:\/\/lesaffre-algerie.com\/fr\/actualites\/des-boulangers-talentueux-avec-des-histoires-inspirantes\/","name":"Des boulangers talentueux avec des histoires inspirantes \u2022 Lesaffre Alg\u00e9rie","isPartOf":{"@id":"https:\/\/lesaffre-algerie.com\/fr\/#website"},"primaryImageOfPage":{"@id":"https:\/\/lesaffre-algerie.com\/fr\/actualites\/des-boulangers-talentueux-avec-des-histoires-inspirantes\/#primaryimage"},"image":{"@id":"https:\/\/lesaffre-algerie.com\/fr\/actualites\/des-boulangers-talentueux-avec-des-histoires-inspirantes\/#primaryimage"},"thumbnailUrl":"https:\/\/lesaffre-algerie.com\/wp-content\/uploads\/2022\/09\/baker-1920x800-1.png","datePublished":"2022-09-13T10:16:14+00:00","author":{"@id":"https:\/\/lesaffre-algerie.com\/fr\/#\/schema\/person\/055bf0bf0da7f02d990c55b6704e694f"},"description":"La marque Saf-instant est revenue avec une troisi\u00e8me saison qui a tenu toutes ses promesses : des histoires passionnantes, \u00e9mouvantes avec des boulangers talentueux qui n\u2019h\u00e9sitent pas \u00e0 partager leur savoir-faire et leur passion de la boulangerie.","breadcrumb":{"@id":"https:\/\/lesaffre-algerie.com\/fr\/actualites\/des-boulangers-talentueux-avec-des-histoires-inspirantes\/#breadcrumb"},"inLanguage":"fr-FR","potentialAction":[{"@type":"ReadAction","target":["https:\/\/lesaffre-algerie.com\/fr\/actualites\/des-boulangers-talentueux-avec-des-histoires-inspirantes\/"]}]},{"@type":"ImageObject","inLanguage":"fr-FR","@id":"https:\/\/lesaffre-algerie.com\/fr\/actualites\/des-boulangers-talentueux-avec-des-histoires-inspirantes\/#primaryimage","url":"https:\/\/lesaffre-algerie.com\/wp-content\/uploads\/2022\/09\/baker-1920x800-1.png","contentUrl":"https:\/\/lesaffre-algerie.com\/wp-content\/uploads\/2022\/09\/baker-1920x800-1.png","width":1920,"height":800},{"@type":"BreadcrumbList","@id":"https:\/\/lesaffre-algerie.com\/fr\/actualites\/des-boulangers-talentueux-avec-des-histoires-inspirantes\/#breadcrumb","itemListElement":[{"@type":"ListItem","position":1,"name":"Accueil","item":"https:\/\/lesaffre-algerie.com\/fr\/"},{"@type":"ListItem","position":2,"name":"Des boulangers talentueux avec des histoires inspirantes"}]},{"@type":"WebSite","@id":"https:\/\/lesaffre-algerie.com\/fr\/#website","url":"https:\/\/lesaffre-algerie.com\/fr\/","name":"LESAFFRE Alg\u00e9rie","description":"Levures de cuisson, am\u00e9liorants pour le pain et sant\u00e9","potentialAction":[{"@type":"SearchAction","target":{"@type":"EntryPoint","urlTemplate":"https:\/\/lesaffre-algerie.com\/fr\/?s={search_term_string}"},"query-input":{"@type":"PropertyValueSpecification","valueRequired":true,"valueName":"search_term_string"}}],"inLanguage":"fr-FR"},{"@type":"Person","@id":"https:\/\/lesaffre-algerie.com\/fr\/#\/schema\/person\/055bf0bf0da7f02d990c55b6704e694f","name":"olivier@ovm-communication.fr"}]}},"featured_image_src":"https:\/\/lesaffre-algerie.com\/wp-content\/uploads\/2022\/09\/baker-1920x800-1-150x150.png","_links":{"self":[{"href":"https:\/\/lesaffre-algerie.com\/fr\/wp-json\/wp\/v2\/posts\/24391","targetHints":{"allow":["GET"]}}],"collection":[{"href":"https:\/\/lesaffre-algerie.com\/fr\/wp-json\/wp\/v2\/posts"}],"about":[{"href":"https:\/\/lesaffre-algerie.com\/fr\/wp-json\/wp\/v2\/types\/post"}],"author":[{"embeddable":true,"href":"https:\/\/lesaffre-algerie.com\/fr\/wp-json\/wp\/v2\/users\/1"}],"replies":[{"embeddable":true,"href":"https:\/\/lesaffre-algerie.com\/fr\/wp-json\/wp\/v2\/comments?post=24391"}],"version-history":[{"count":0,"href":"https:\/\/lesaffre-algerie.com\/fr\/wp-json\/wp\/v2\/posts\/24391\/revisions"}],"wp:featuredmedia":[{"embeddable":true,"href":"https:\/\/lesaffre-algerie.com\/fr\/wp-json\/wp\/v2\/media\/24395"}],"wp:attachment":[{"href":"https:\/\/lesaffre-algerie.com\/fr\/wp-json\/wp\/v2\/media?parent=24391"}],"wp:term":[{"taxonomy":"category","embeddable":true,"href":"https:\/\/lesaffre-algerie.com\/fr\/wp-json\/wp\/v2\/categories?post=24391"},{"taxonomy":"post_tag","embeddable":true,"href":"https:\/\/lesaffre-algerie.com\/fr\/wp-json\/wp\/v2\/tags?post=24391"}],"curies":[{"name":"wp","href":"https:\/\/api.w.org\/{rel}","templated":true}]}}