{"id":24576,"date":"2023-01-26T22:43:46","date_gmt":"2023-01-26T21:43:46","guid":{"rendered":"https:\/\/lesaffre-algerie.com\/?p=24576"},"modified":"2023-01-26T22:44:02","modified_gmt":"2023-01-26T21:44:02","slug":"la-finale-du-saf-challenge-algerie-2022-la-consecration-dun-beau-parcours","status":"publish","type":"post","link":"https:\/\/lesaffre-algerie.com\/fr\/actualites\/la-finale-du-saf-challenge-algerie-2022-la-consecration-dun-beau-parcours\/","title":{"rendered":"La finale du Saf Challenge Alg\u00e9rie 2022, la cons\u00e9cration d\u2019un beau parcours !"},"content":{"rendered":"<div class=\"wpb-content-wrapper\"><p>[vc_row css_animation=\u00a0\u00bb\u00a0\u00bb row_type=\u00a0\u00bbrow\u00a0\u00bb use_row_as_full_screen_section=\u00a0\u00bbno\u00a0\u00bb type=\u00a0\u00bbfull_width\u00a0\u00bb angled_section=\u00a0\u00bbno\u00a0\u00bb text_align=\u00a0\u00bbleft\u00a0\u00bb background_image_as_pattern=\u00a0\u00bbwithout_pattern\u00a0\u00bb][vc_column][vc_column_text]<\/p>\n<div>\n<p><strong><em>\u00c7a y est, on y est enfin, c\u2019est la grande finale du Saf Challenge Alg\u00e9rie 2022, apr\u00e8s plus de 2 mois de pr\u00e9paration, 3 demi-finales r\u00e9gionales, et une semaine d\u2019entrainement intense au sein du Baking Center d\u2019Alger, nos trois finalistes sont enfin pr\u00eats pour d\u00e9fendre leurs places et gagner le troph\u00e9e ultime.<\/em><\/strong><\/p>\n<\/div>\n<p>[\/vc_column_text][vc_separator type=\u00a0\u00bbtransparent\u00a0\u00bb][vc_row_inner row_type=\u00a0\u00bbrow\u00a0\u00bb type=\u00a0\u00bbfull_width\u00a0\u00bb text_align=\u00a0\u00bbleft\u00a0\u00bb css_animation=\u00a0\u00bb\u00a0\u00bb el_class=\u00a0\u00bbnoPadding\u00a0\u00bb][vc_column_inner width=\u00a0\u00bb1\/4&Prime;][vc_single_image image=\u00a0\u00bb24580&Prime; img_size=\u00a0\u00bbfull\u00a0\u00bb qode_css_animation=\u00a0\u00bb\u00a0\u00bb][\/vc_column_inner][vc_column_inner width=\u00a0\u00bb3\/4&Prime;][vc_column_text]<\/p>\n<p style=\"font-weight: 400;\">Le 1<sup>er<\/sup> d\u00e9cembre a eu lieu cette finale au sein du Baking Center\u2122 d\u2019Alger en pr\u00e9sence d\u2019un jury international compos\u00e9 de\u00a0:<\/p>\n<ul style=\"padding-left: 35px;\">\n<li>Damien Lesaffre\u00a0: Directeur r\u00e9gional de la r\u00e9gion Africa<\/li>\n<li>Laurent Groux\u00a0: Directeur Marketing de la r\u00e9gion MEA chez Lesaffre.<\/li>\n<li>Philippe Desbuquois\u00a0: Responsable technique et coordinateur des Baking Centers dans la r\u00e9gion Africa.<\/li>\n<\/ul>\n<p>[\/vc_column_text][\/vc_column_inner][\/vc_row_inner][vc_separator type=\u00a0\u00bbtransparent\u00a0\u00bb][vc_column_text]<\/p>\n<p style=\"font-weight: 400;\">Avec un \u0153il vigilant et un bar\u00e8me de notes bien d\u00e9fini, ils ont donn\u00e9 le coup de d\u00e9part de cette finale qui a vu un trio de participants de talent, pour rappel les finalistes sont\u00a0:<\/p>\n<ul style=\"padding-left: 35px;\">\n<li>Arezki Said, gagnant de la demi-finale Centre<\/li>\n<li>Abdenour Belakbi, gagnant de la demi-finale Est<\/li>\n<li>Adel Slimani, gagnant de la demi-finale Ouest<\/li>\n<\/ul>\n<p>[\/vc_column_text][vc_separator type=\u00a0\u00bbtransparent\u00a0\u00bb]<div class=\"qode-advanced-image-gallery  qode-aig-grid-type qode-large-space   \">\n\t<div class=\"qode-aig-inner qode-outer-space qode-aig-grid qode-aig-three-columns\">\n\t\t\t\t\t<div class=\"qode-aig-image qode-item-space\">\n\t\t\t\t<div class=\"qode-aig-image-inner\">\n\t\t\t\t\t\t\t\t\t\t\t<img loading=\"lazy\" decoding=\"async\" width=\"800\" height=\"600\" src=\"https:\/\/lesaffre-algerie.com\/wp-content\/uploads\/2023\/01\/Saf-challenge-4.jpg\" class=\"attachment-full size-full\" alt=\"\" srcset=\"https:\/\/lesaffre-algerie.com\/wp-content\/uploads\/2023\/01\/Saf-challenge-4.jpg 800w, https:\/\/lesaffre-algerie.com\/wp-content\/uploads\/2023\/01\/Saf-challenge-4-300x225.jpg 300w, https:\/\/lesaffre-algerie.com\/wp-content\/uploads\/2023\/01\/Saf-challenge-4-768x576.jpg 768w, https:\/\/lesaffre-algerie.com\/wp-content\/uploads\/2023\/01\/Saf-challenge-4-700x525.jpg 700w\" sizes=\"auto, (max-width: 800px) 100vw, 800px\" \/>\t\t\t\t\t\t<span class=\"aig-gallery-hover\">\n\t\t\t\t\t\t\t\t\t\t\t\t\t<\/span>\n\t\t\t\t\t\t\t\t\t<\/div>\n\t\t\t<\/div>\n\t\t\t\t\t<div class=\"qode-aig-image qode-item-space\">\n\t\t\t\t<div class=\"qode-aig-image-inner\">\n\t\t\t\t\t\t\t\t\t\t\t<img loading=\"lazy\" decoding=\"async\" width=\"800\" height=\"600\" src=\"https:\/\/lesaffre-algerie.com\/wp-content\/uploads\/2023\/01\/Saf-challenge-3.jpg\" class=\"attachment-full size-full\" alt=\"\" srcset=\"https:\/\/lesaffre-algerie.com\/wp-content\/uploads\/2023\/01\/Saf-challenge-3.jpg 800w, https:\/\/lesaffre-algerie.com\/wp-content\/uploads\/2023\/01\/Saf-challenge-3-300x225.jpg 300w, https:\/\/lesaffre-algerie.com\/wp-content\/uploads\/2023\/01\/Saf-challenge-3-768x576.jpg 768w, https:\/\/lesaffre-algerie.com\/wp-content\/uploads\/2023\/01\/Saf-challenge-3-700x525.jpg 700w\" sizes=\"auto, (max-width: 800px) 100vw, 800px\" \/>\t\t\t\t\t\t<span class=\"aig-gallery-hover\">\n\t\t\t\t\t\t\t\t\t\t\t\t\t<\/span>\n\t\t\t\t\t\t\t\t\t<\/div>\n\t\t\t<\/div>\n\t\t\t\t\t<div class=\"qode-aig-image qode-item-space\">\n\t\t\t\t<div class=\"qode-aig-image-inner\">\n\t\t\t\t\t\t\t\t\t\t\t<img loading=\"lazy\" decoding=\"async\" width=\"800\" height=\"600\" src=\"https:\/\/lesaffre-algerie.com\/wp-content\/uploads\/2023\/01\/Saf-challenge-2.jpg\" class=\"attachment-full size-full\" alt=\"\" srcset=\"https:\/\/lesaffre-algerie.com\/wp-content\/uploads\/2023\/01\/Saf-challenge-2.jpg 800w, https:\/\/lesaffre-algerie.com\/wp-content\/uploads\/2023\/01\/Saf-challenge-2-300x225.jpg 300w, https:\/\/lesaffre-algerie.com\/wp-content\/uploads\/2023\/01\/Saf-challenge-2-768x576.jpg 768w, https:\/\/lesaffre-algerie.com\/wp-content\/uploads\/2023\/01\/Saf-challenge-2-700x525.jpg 700w\" sizes=\"auto, (max-width: 800px) 100vw, 800px\" \/>\t\t\t\t\t\t<span class=\"aig-gallery-hover\">\n\t\t\t\t\t\t\t\t\t\t\t\t\t<\/span>\n\t\t\t\t\t\t\t\t\t<\/div>\n\t\t\t<\/div>\n\t\t\t<\/div>\n<\/div>[vc_column_text]<\/p>\n<div>\n<p>D\u00e9couvrez les moments forts de cette grande finale sur cette vid\u00e9o\u00a0:<\/p>\n<\/div>\n<p>[\/vc_column_text][vc_separator type=\u00a0\u00bbtransparent\u00a0\u00bb][vc_raw_html]JTNDc2NyaXB0JTIwc3JjJTNEJTIyaHR0cHMlM0ElMkYlMkZtZWRpYS1sZXNhZmZyZS5tYW5hZ2VyLnR2JTJGc3RhdGljJTJGZW1iZWQlMkZidWlsZCUyRmVtYmVkLmpzJTIyJTIwJTIwZGF0YS10eXBlJTNEJTIycGxheWVyJTIyJTIwJTIwZGF0YS13aWR0aCUzRCUyMjEwMCUyNSUyMiUyMCUyMGRhdGEtbm92YS1lbWJlZCUyMGRhdGEtcHVibGljYXRpb24lM0QlMjJjN2U0YTdkZTAzN2RkZWM5MTcyMDY0NWUzNWM2ZjMwNWFkMDU1ZDNmJTIyJTNFJTNDJTJGc2NyaXB0JTNF[\/vc_raw_html][vc_separator type=\u00a0\u00bbtransparent\u00a0\u00bb][vc_column_text]<\/p>\n<div>\n<p>Durant cette finale, plusieurs sp\u00e9cialit\u00e9s de pains ont \u00e9t\u00e9 pr\u00e9par\u00e9es, de la baguette traditionnelle aux pains sp\u00e9ciaux (gr\u00e2ce aux solutions Inventis Mix Complet et Mix orge), pour finir le jury a impos\u00e9 aux candidats de pr\u00e9parer des viennoiseries de leur choix, et une autre recette cr\u00e9ative avec des ingr\u00e9dients in\u00e9dits.<\/p>\n<\/div>\n<p>[\/vc_column_text][vc_separator type=\u00a0\u00bbtransparent\u00a0\u00bb][vc_row_inner row_type=\u00a0\u00bbrow\u00a0\u00bb type=\u00a0\u00bbfull_width\u00a0\u00bb text_align=\u00a0\u00bbleft\u00a0\u00bb css_animation=\u00a0\u00bb\u00a0\u00bb el_class=\u00a0\u00bbnoPadding\u00a0\u00bb][vc_column_inner width=\u00a0\u00bb1\/2&Prime;][vc_single_image image=\u00a0\u00bb24578&Prime; img_size=\u00a0\u00bbfull\u00a0\u00bb qode_css_animation=\u00a0\u00bb\u00a0\u00bb][\/vc_column_inner][vc_column_inner width=\u00a0\u00bb1\/2&Prime;][vc_column_text]<\/p>\n<div>\n<p>A la fin de la journ\u00e9e, le choix \u00e9tait difficile \u00e0 faire mais le candidat Adel Slimani d\u2019Oran qui su garder une r\u00e9gularit\u00e9 dans les recettes produites, a rempli toutes les cases, il a \u00e9t\u00e9 logiquement \u00e9lu \u00ab\u00a0Boulanger le plus inspirant d\u2019Alg\u00e9rie\u00a0\u00bb et gagnant de cette premi\u00e8re \u00e9dition du Saf Challenge Alg\u00e9rie 2022.<\/p>\n<\/div>\n<div>\n<p>Pour rappel, il a remport\u00e9 une semaine de formation au sein du Baking Center\u2122 en France, ainsi qu\u2019un bon d\u2019achat d\u2019une valeur de 100\u00a0000 DZD.<\/p>\n<\/div>\n<div>\n<p>Les deux autres participants ne partiront pas les mains vides, puisqu\u2019ils ont remport\u00e9 une formation d\u2019une semaine au Baking Center\u2122 d\u2019Alger ainsi qu\u2019un bon d\u2019achat d\u2019une valeur de 50\u00a0000 DZD<\/p>\n<\/div>\n<p>[\/vc_column_text][\/vc_column_inner][\/vc_row_inner][\/vc_column][\/vc_row]<\/p>\n<\/div>","protected":false},"excerpt":{"rendered":"<p>\u00c7a y est, on y est enfin, c\u2019est la grande finale du Saf Challenge Alg\u00e9rie 2022&#8230;<\/p>\n","protected":false},"author":1,"featured_media":24578,"comment_status":"closed","ping_status":"closed","sticky":false,"template":"","format":"standard","meta":{"footnotes":""},"categories":[5],"tags":[],"class_list":["post-24576","post","type-post","status-publish","format-standard","has-post-thumbnail","hentry","category-actualites"],"yoast_head":"<!-- This site is optimized with the Yoast SEO Premium plugin v22.3 (Yoast SEO v27.5) - https:\/\/yoast.com\/product\/yoast-seo-premium-wordpress\/ -->\n<title>La finale du Saf Challenge Alg\u00e9rie 2022, la cons\u00e9cration d\u2019un beau parcours ! \u2022 Lesaffre Alg\u00e9rie<\/title>\n<meta name=\"description\" content=\"\u00c7a y est, on y est enfin, c\u2019est la grande finale du Saf Challenge Alg\u00e9rie 2022, apr\u00e8s plus de 2 mois de pr\u00e9paration, 3 demi-finales r\u00e9gionales, et une semaine d\u2019entrainement intense au sein du Baking Center d\u2019Alger, nos trois finalistes sont enfin pr\u00eats pour d\u00e9fendre leurs places et gagner le troph\u00e9e ultime.\" \/>\n<meta name=\"robots\" content=\"index, follow, max-snippet:-1, max-image-preview:large, max-video-preview:-1\" \/>\n<link rel=\"canonical\" href=\"https:\/\/lesaffre-algerie.com\/fr\/actualites\/la-finale-du-saf-challenge-algerie-2022-la-consecration-dun-beau-parcours\/\" \/>\n<meta property=\"og:locale\" content=\"fr_FR\" \/>\n<meta property=\"og:type\" content=\"article\" \/>\n<meta property=\"og:title\" content=\"La finale du Saf Challenge Alg\u00e9rie 2022, la cons\u00e9cration d\u2019un beau parcours !\" \/>\n<meta property=\"og:description\" content=\"\u00c7a y est, on y est enfin, c\u2019est la grande finale du Saf Challenge Alg\u00e9rie 2022, apr\u00e8s plus de 2 mois de pr\u00e9paration, 3 demi-finales r\u00e9gionales, et une semaine d\u2019entrainement intense au sein du Baking Center d\u2019Alger, nos trois finalistes sont enfin pr\u00eats pour d\u00e9fendre leurs places et gagner le troph\u00e9e ultime.\" \/>\n<meta property=\"og:url\" content=\"https:\/\/lesaffre-algerie.com\/fr\/actualites\/la-finale-du-saf-challenge-algerie-2022-la-consecration-dun-beau-parcours\/\" \/>\n<meta property=\"og:site_name\" content=\"LESAFFRE Alg\u00e9rie\" \/>\n<meta property=\"article:published_time\" content=\"2023-01-26T21:43:46+00:00\" \/>\n<meta property=\"article:modified_time\" content=\"2023-01-26T21:44:02+00:00\" \/>\n<meta property=\"og:image\" content=\"https:\/\/lesaffre-algerie.com\/wp-content\/uploads\/2023\/01\/Saf-Challenge-Algerie.jpg\" \/>\n\t<meta property=\"og:image:width\" content=\"1920\" \/>\n\t<meta property=\"og:image:height\" content=\"1052\" \/>\n\t<meta property=\"og:image:type\" content=\"image\/jpeg\" \/>\n<meta name=\"author\" content=\"olivier@ovm-communication.fr\" \/>\n<meta name=\"twitter:card\" content=\"summary_large_image\" \/>\n<meta name=\"twitter:label1\" content=\"\u00c9crit par\" \/>\n\t<meta name=\"twitter:data1\" content=\"olivier@ovm-communication.fr\" \/>\n\t<meta name=\"twitter:label2\" content=\"Dur\u00e9e de lecture estim\u00e9e\" \/>\n\t<meta name=\"twitter:data2\" content=\"3 minutes\" \/>\n<script type=\"application\/ld+json\" class=\"yoast-schema-graph\">{\"@context\":\"https:\\\/\\\/schema.org\",\"@graph\":[{\"@type\":\"Article\",\"@id\":\"https:\\\/\\\/lesaffre-algerie.com\\\/fr\\\/actualites\\\/la-finale-du-saf-challenge-algerie-2022-la-consecration-dun-beau-parcours\\\/#article\",\"isPartOf\":{\"@id\":\"https:\\\/\\\/lesaffre-algerie.com\\\/fr\\\/actualites\\\/la-finale-du-saf-challenge-algerie-2022-la-consecration-dun-beau-parcours\\\/\"},\"author\":{\"name\":\"olivier@ovm-communication.fr\",\"@id\":\"https:\\\/\\\/lesaffre-algerie.com\\\/fr\\\/#\\\/schema\\\/person\\\/055bf0bf0da7f02d990c55b6704e694f\"},\"headline\":\"La finale du Saf Challenge Alg\u00e9rie 2022, la cons\u00e9cration d\u2019un beau parcours !\",\"datePublished\":\"2023-01-26T21:43:46+00:00\",\"dateModified\":\"2023-01-26T21:44:02+00:00\",\"mainEntityOfPage\":{\"@id\":\"https:\\\/\\\/lesaffre-algerie.com\\\/fr\\\/actualites\\\/la-finale-du-saf-challenge-algerie-2022-la-consecration-dun-beau-parcours\\\/\"},\"wordCount\":627,\"image\":{\"@id\":\"https:\\\/\\\/lesaffre-algerie.com\\\/fr\\\/actualites\\\/la-finale-du-saf-challenge-algerie-2022-la-consecration-dun-beau-parcours\\\/#primaryimage\"},\"thumbnailUrl\":\"https:\\\/\\\/lesaffre-algerie.com\\\/wp-content\\\/uploads\\\/2023\\\/01\\\/Saf-Challenge-Algerie.jpg\",\"articleSection\":[\"Actualit\u00e9s\"],\"inLanguage\":\"fr-FR\"},{\"@type\":\"WebPage\",\"@id\":\"https:\\\/\\\/lesaffre-algerie.com\\\/fr\\\/actualites\\\/la-finale-du-saf-challenge-algerie-2022-la-consecration-dun-beau-parcours\\\/\",\"url\":\"https:\\\/\\\/lesaffre-algerie.com\\\/fr\\\/actualites\\\/la-finale-du-saf-challenge-algerie-2022-la-consecration-dun-beau-parcours\\\/\",\"name\":\"La finale du Saf Challenge Alg\u00e9rie 2022, la cons\u00e9cration d\u2019un beau parcours ! \u2022 Lesaffre Alg\u00e9rie\",\"isPartOf\":{\"@id\":\"https:\\\/\\\/lesaffre-algerie.com\\\/fr\\\/#website\"},\"primaryImageOfPage\":{\"@id\":\"https:\\\/\\\/lesaffre-algerie.com\\\/fr\\\/actualites\\\/la-finale-du-saf-challenge-algerie-2022-la-consecration-dun-beau-parcours\\\/#primaryimage\"},\"image\":{\"@id\":\"https:\\\/\\\/lesaffre-algerie.com\\\/fr\\\/actualites\\\/la-finale-du-saf-challenge-algerie-2022-la-consecration-dun-beau-parcours\\\/#primaryimage\"},\"thumbnailUrl\":\"https:\\\/\\\/lesaffre-algerie.com\\\/wp-content\\\/uploads\\\/2023\\\/01\\\/Saf-Challenge-Algerie.jpg\",\"datePublished\":\"2023-01-26T21:43:46+00:00\",\"dateModified\":\"2023-01-26T21:44:02+00:00\",\"author\":{\"@id\":\"https:\\\/\\\/lesaffre-algerie.com\\\/fr\\\/#\\\/schema\\\/person\\\/055bf0bf0da7f02d990c55b6704e694f\"},\"description\":\"\u00c7a y est, on y est enfin, c\u2019est la grande finale du Saf Challenge Alg\u00e9rie 2022, apr\u00e8s plus de 2 mois de pr\u00e9paration, 3 demi-finales r\u00e9gionales, et une semaine d\u2019entrainement intense au sein du Baking Center d\u2019Alger, nos trois finalistes sont enfin pr\u00eats pour d\u00e9fendre leurs places et gagner le troph\u00e9e ultime.\",\"breadcrumb\":{\"@id\":\"https:\\\/\\\/lesaffre-algerie.com\\\/fr\\\/actualites\\\/la-finale-du-saf-challenge-algerie-2022-la-consecration-dun-beau-parcours\\\/#breadcrumb\"},\"inLanguage\":\"fr-FR\",\"potentialAction\":[{\"@type\":\"ReadAction\",\"target\":[\"https:\\\/\\\/lesaffre-algerie.com\\\/fr\\\/actualites\\\/la-finale-du-saf-challenge-algerie-2022-la-consecration-dun-beau-parcours\\\/\"]}]},{\"@type\":\"ImageObject\",\"inLanguage\":\"fr-FR\",\"@id\":\"https:\\\/\\\/lesaffre-algerie.com\\\/fr\\\/actualites\\\/la-finale-du-saf-challenge-algerie-2022-la-consecration-dun-beau-parcours\\\/#primaryimage\",\"url\":\"https:\\\/\\\/lesaffre-algerie.com\\\/wp-content\\\/uploads\\\/2023\\\/01\\\/Saf-Challenge-Algerie.jpg\",\"contentUrl\":\"https:\\\/\\\/lesaffre-algerie.com\\\/wp-content\\\/uploads\\\/2023\\\/01\\\/Saf-Challenge-Algerie.jpg\",\"width\":1920,\"height\":1052},{\"@type\":\"BreadcrumbList\",\"@id\":\"https:\\\/\\\/lesaffre-algerie.com\\\/fr\\\/actualites\\\/la-finale-du-saf-challenge-algerie-2022-la-consecration-dun-beau-parcours\\\/#breadcrumb\",\"itemListElement\":[{\"@type\":\"ListItem\",\"position\":1,\"name\":\"Accueil\",\"item\":\"https:\\\/\\\/lesaffre-algerie.com\\\/fr\\\/\"},{\"@type\":\"ListItem\",\"position\":2,\"name\":\"La finale du Saf Challenge Alg\u00e9rie 2022, la cons\u00e9cration d\u2019un beau parcours !\"}]},{\"@type\":\"WebSite\",\"@id\":\"https:\\\/\\\/lesaffre-algerie.com\\\/fr\\\/#website\",\"url\":\"https:\\\/\\\/lesaffre-algerie.com\\\/fr\\\/\",\"name\":\"LESAFFRE Alg\u00e9rie\",\"description\":\"Levures de cuisson, am\u00e9liorants pour le pain et sant\u00e9\",\"potentialAction\":[{\"@type\":\"SearchAction\",\"target\":{\"@type\":\"EntryPoint\",\"urlTemplate\":\"https:\\\/\\\/lesaffre-algerie.com\\\/fr\\\/?s={search_term_string}\"},\"query-input\":{\"@type\":\"PropertyValueSpecification\",\"valueRequired\":true,\"valueName\":\"search_term_string\"}}],\"inLanguage\":\"fr-FR\"},{\"@type\":\"Person\",\"@id\":\"https:\\\/\\\/lesaffre-algerie.com\\\/fr\\\/#\\\/schema\\\/person\\\/055bf0bf0da7f02d990c55b6704e694f\",\"name\":\"olivier@ovm-communication.fr\"}]}<\/script>\n<!-- \/ Yoast SEO Premium plugin. -->","yoast_head_json":{"title":"La finale du Saf Challenge Alg\u00e9rie 2022, la cons\u00e9cration d\u2019un beau parcours ! \u2022 Lesaffre Alg\u00e9rie","description":"\u00c7a y est, on y est enfin, c\u2019est la grande finale du Saf Challenge Alg\u00e9rie 2022, apr\u00e8s plus de 2 mois de pr\u00e9paration, 3 demi-finales r\u00e9gionales, et une semaine d\u2019entrainement intense au sein du Baking Center d\u2019Alger, nos trois finalistes sont enfin pr\u00eats pour d\u00e9fendre leurs places et gagner le troph\u00e9e ultime.","robots":{"index":"index","follow":"follow","max-snippet":"max-snippet:-1","max-image-preview":"max-image-preview:large","max-video-preview":"max-video-preview:-1"},"canonical":"https:\/\/lesaffre-algerie.com\/fr\/actualites\/la-finale-du-saf-challenge-algerie-2022-la-consecration-dun-beau-parcours\/","og_locale":"fr_FR","og_type":"article","og_title":"La finale du Saf Challenge Alg\u00e9rie 2022, la cons\u00e9cration d\u2019un beau parcours !","og_description":"\u00c7a y est, on y est enfin, c\u2019est la grande finale du Saf Challenge Alg\u00e9rie 2022, apr\u00e8s plus de 2 mois de pr\u00e9paration, 3 demi-finales r\u00e9gionales, et une semaine d\u2019entrainement intense au sein du Baking Center d\u2019Alger, nos trois finalistes sont enfin pr\u00eats pour d\u00e9fendre leurs places et gagner le troph\u00e9e ultime.","og_url":"https:\/\/lesaffre-algerie.com\/fr\/actualites\/la-finale-du-saf-challenge-algerie-2022-la-consecration-dun-beau-parcours\/","og_site_name":"LESAFFRE Alg\u00e9rie","article_published_time":"2023-01-26T21:43:46+00:00","article_modified_time":"2023-01-26T21:44:02+00:00","og_image":[{"width":1920,"height":1052,"url":"https:\/\/lesaffre-algerie.com\/wp-content\/uploads\/2023\/01\/Saf-Challenge-Algerie.jpg","type":"image\/jpeg"}],"author":"olivier@ovm-communication.fr","twitter_card":"summary_large_image","twitter_misc":{"\u00c9crit par":"olivier@ovm-communication.fr","Dur\u00e9e de lecture estim\u00e9e":"3 minutes"},"schema":{"@context":"https:\/\/schema.org","@graph":[{"@type":"Article","@id":"https:\/\/lesaffre-algerie.com\/fr\/actualites\/la-finale-du-saf-challenge-algerie-2022-la-consecration-dun-beau-parcours\/#article","isPartOf":{"@id":"https:\/\/lesaffre-algerie.com\/fr\/actualites\/la-finale-du-saf-challenge-algerie-2022-la-consecration-dun-beau-parcours\/"},"author":{"name":"olivier@ovm-communication.fr","@id":"https:\/\/lesaffre-algerie.com\/fr\/#\/schema\/person\/055bf0bf0da7f02d990c55b6704e694f"},"headline":"La finale du Saf Challenge Alg\u00e9rie 2022, la cons\u00e9cration d\u2019un beau parcours !","datePublished":"2023-01-26T21:43:46+00:00","dateModified":"2023-01-26T21:44:02+00:00","mainEntityOfPage":{"@id":"https:\/\/lesaffre-algerie.com\/fr\/actualites\/la-finale-du-saf-challenge-algerie-2022-la-consecration-dun-beau-parcours\/"},"wordCount":627,"image":{"@id":"https:\/\/lesaffre-algerie.com\/fr\/actualites\/la-finale-du-saf-challenge-algerie-2022-la-consecration-dun-beau-parcours\/#primaryimage"},"thumbnailUrl":"https:\/\/lesaffre-algerie.com\/wp-content\/uploads\/2023\/01\/Saf-Challenge-Algerie.jpg","articleSection":["Actualit\u00e9s"],"inLanguage":"fr-FR"},{"@type":"WebPage","@id":"https:\/\/lesaffre-algerie.com\/fr\/actualites\/la-finale-du-saf-challenge-algerie-2022-la-consecration-dun-beau-parcours\/","url":"https:\/\/lesaffre-algerie.com\/fr\/actualites\/la-finale-du-saf-challenge-algerie-2022-la-consecration-dun-beau-parcours\/","name":"La finale du Saf Challenge Alg\u00e9rie 2022, la cons\u00e9cration d\u2019un beau parcours ! \u2022 Lesaffre Alg\u00e9rie","isPartOf":{"@id":"https:\/\/lesaffre-algerie.com\/fr\/#website"},"primaryImageOfPage":{"@id":"https:\/\/lesaffre-algerie.com\/fr\/actualites\/la-finale-du-saf-challenge-algerie-2022-la-consecration-dun-beau-parcours\/#primaryimage"},"image":{"@id":"https:\/\/lesaffre-algerie.com\/fr\/actualites\/la-finale-du-saf-challenge-algerie-2022-la-consecration-dun-beau-parcours\/#primaryimage"},"thumbnailUrl":"https:\/\/lesaffre-algerie.com\/wp-content\/uploads\/2023\/01\/Saf-Challenge-Algerie.jpg","datePublished":"2023-01-26T21:43:46+00:00","dateModified":"2023-01-26T21:44:02+00:00","author":{"@id":"https:\/\/lesaffre-algerie.com\/fr\/#\/schema\/person\/055bf0bf0da7f02d990c55b6704e694f"},"description":"\u00c7a y est, on y est enfin, c\u2019est la grande finale du Saf Challenge Alg\u00e9rie 2022, apr\u00e8s plus de 2 mois de pr\u00e9paration, 3 demi-finales r\u00e9gionales, et une semaine d\u2019entrainement intense au sein du Baking Center d\u2019Alger, nos trois finalistes sont enfin pr\u00eats pour d\u00e9fendre leurs places et gagner le troph\u00e9e ultime.","breadcrumb":{"@id":"https:\/\/lesaffre-algerie.com\/fr\/actualites\/la-finale-du-saf-challenge-algerie-2022-la-consecration-dun-beau-parcours\/#breadcrumb"},"inLanguage":"fr-FR","potentialAction":[{"@type":"ReadAction","target":["https:\/\/lesaffre-algerie.com\/fr\/actualites\/la-finale-du-saf-challenge-algerie-2022-la-consecration-dun-beau-parcours\/"]}]},{"@type":"ImageObject","inLanguage":"fr-FR","@id":"https:\/\/lesaffre-algerie.com\/fr\/actualites\/la-finale-du-saf-challenge-algerie-2022-la-consecration-dun-beau-parcours\/#primaryimage","url":"https:\/\/lesaffre-algerie.com\/wp-content\/uploads\/2023\/01\/Saf-Challenge-Algerie.jpg","contentUrl":"https:\/\/lesaffre-algerie.com\/wp-content\/uploads\/2023\/01\/Saf-Challenge-Algerie.jpg","width":1920,"height":1052},{"@type":"BreadcrumbList","@id":"https:\/\/lesaffre-algerie.com\/fr\/actualites\/la-finale-du-saf-challenge-algerie-2022-la-consecration-dun-beau-parcours\/#breadcrumb","itemListElement":[{"@type":"ListItem","position":1,"name":"Accueil","item":"https:\/\/lesaffre-algerie.com\/fr\/"},{"@type":"ListItem","position":2,"name":"La finale du Saf Challenge Alg\u00e9rie 2022, la cons\u00e9cration d\u2019un beau parcours !"}]},{"@type":"WebSite","@id":"https:\/\/lesaffre-algerie.com\/fr\/#website","url":"https:\/\/lesaffre-algerie.com\/fr\/","name":"LESAFFRE Alg\u00e9rie","description":"Levures de cuisson, am\u00e9liorants pour le pain et sant\u00e9","potentialAction":[{"@type":"SearchAction","target":{"@type":"EntryPoint","urlTemplate":"https:\/\/lesaffre-algerie.com\/fr\/?s={search_term_string}"},"query-input":{"@type":"PropertyValueSpecification","valueRequired":true,"valueName":"search_term_string"}}],"inLanguage":"fr-FR"},{"@type":"Person","@id":"https:\/\/lesaffre-algerie.com\/fr\/#\/schema\/person\/055bf0bf0da7f02d990c55b6704e694f","name":"olivier@ovm-communication.fr"}]}},"featured_image_src":"https:\/\/lesaffre-algerie.com\/wp-content\/uploads\/2023\/01\/Saf-Challenge-Algerie-150x150.jpg","_links":{"self":[{"href":"https:\/\/lesaffre-algerie.com\/fr\/wp-json\/wp\/v2\/posts\/24576","targetHints":{"allow":["GET"]}}],"collection":[{"href":"https:\/\/lesaffre-algerie.com\/fr\/wp-json\/wp\/v2\/posts"}],"about":[{"href":"https:\/\/lesaffre-algerie.com\/fr\/wp-json\/wp\/v2\/types\/post"}],"author":[{"embeddable":true,"href":"https:\/\/lesaffre-algerie.com\/fr\/wp-json\/wp\/v2\/users\/1"}],"replies":[{"embeddable":true,"href":"https:\/\/lesaffre-algerie.com\/fr\/wp-json\/wp\/v2\/comments?post=24576"}],"version-history":[{"count":4,"href":"https:\/\/lesaffre-algerie.com\/fr\/wp-json\/wp\/v2\/posts\/24576\/revisions"}],"predecessor-version":[{"id":24591,"href":"https:\/\/lesaffre-algerie.com\/fr\/wp-json\/wp\/v2\/posts\/24576\/revisions\/24591"}],"wp:featuredmedia":[{"embeddable":true,"href":"https:\/\/lesaffre-algerie.com\/fr\/wp-json\/wp\/v2\/media\/24578"}],"wp:attachment":[{"href":"https:\/\/lesaffre-algerie.com\/fr\/wp-json\/wp\/v2\/media?parent=24576"}],"wp:term":[{"taxonomy":"category","embeddable":true,"href":"https:\/\/lesaffre-algerie.com\/fr\/wp-json\/wp\/v2\/categories?post=24576"},{"taxonomy":"post_tag","embeddable":true,"href":"https:\/\/lesaffre-algerie.com\/fr\/wp-json\/wp\/v2\/tags?post=24576"}],"curies":[{"name":"wp","href":"https:\/\/api.w.org\/{rel}","templated":true}]}}