{"id":24794,"date":"2024-04-16T06:28:09","date_gmt":"2024-04-16T05:28:09","guid":{"rendered":"https:\/\/lesaffre-algerie.com\/?p=24794"},"modified":"2024-04-16T06:28:59","modified_gmt":"2024-04-16T05:28:59","slug":"lesaffre-participe-au-djazagro-2024","status":"publish","type":"post","link":"https:\/\/lesaffre-algerie.com\/fr\/actualites\/lesaffre-participe-au-djazagro-2024\/","title":{"rendered":"Lesaffre participe au Djazagro 2024"},"content":{"rendered":"<div class=\"wpb-content-wrapper\"><p>[vc_row css_animation=\u00a0\u00bb\u00a0\u00bb row_type=\u00a0\u00bbrow\u00a0\u00bb use_row_as_full_screen_section=\u00a0\u00bbno\u00a0\u00bb type=\u00a0\u00bbfull_width\u00a0\u00bb angled_section=\u00a0\u00bbno\u00a0\u00bb text_align=\u00a0\u00bbleft\u00a0\u00bb background_image_as_pattern=\u00a0\u00bbwithout_pattern\u00a0\u00bb][vc_column][vc_column_text]<\/p>\n<div>\n<p><strong>Lesaffre, leader mondial des levures et ingr\u00e9dients de panification, est ravi d\u2019annoncer sa participation au salon Djazagro, qui se tiendra du 22 au 25 avril 2024 \u00e0 la Safex d\u2019Alger. <\/strong><\/p>\n<p>&nbsp;<\/p>\n<p>Cette ann\u00e9e, notre participation sera encore plus sp\u00e9ciale car elle co\u00efncide avec les 50 ans de notre Baking Center. Un espace sera d\u00e9di\u00e9 sur notre stand pour marquer cet anniversaire exceptionnel et dans lequel nous allons vous faire d\u00e9guster nos produits panifi\u00e9s.<\/p>\n<\/div>\n<div>\n<p>&nbsp;<\/p>\n<p>Durant le salon, Lesaffre mettra en avant ses derni\u00e8res innovations et solutions pour le secteur de la boulangerie. Les visiteurs auront l\u2019opportunit\u00e9 de d\u00e9couvrir des solutions de qualit\u00e9 tout en b\u00e9n\u00e9ficiant de conseils d\u2019experts. De plus, Lesaffre r\u00e9serve de nombreuses surprises aux boulangers alg\u00e9riens sur son espace. Ce sera l\u2019occasion id\u00e9ale pour les professionnels de la boulangerie de se familiariser avec les nouveaut\u00e9s et de participer \u00e0 des d\u00e9monstrations interactives au sein de la boulangerie du salon.<\/p>\n<\/div>\n<div>\n<p>&nbsp;<\/p>\n<p>Ne manquez pas cette opportunit\u00e9 unique de rencontrer l\u2019\u00e9quipe de Lesaffre et de c\u00e9l\u00e9brer les 50 ans du Baking Center au salon Djazagro. Rendez-vous du 22 au 25 avril au pavillon central \u00e0 la Safex d\u2019Alger de 10h00 \u00e0 18h00. Soyez pr\u00eats \u00e0 d\u00e9couvrir les derni\u00e8res tendances et \u00e0 vivre une exp\u00e9rience enrichissante pour votre activit\u00e9 de boulangerie.<\/p>\n<\/div>\n<div>\n<p>&nbsp;<\/p>\n<p><em>Demandez votre badge gratuitement avant le d\u00e9but du salon sur <a href=\"https:\/\/www.djazagro.com\/\" target=\"_new\" rel=\"noopener\">https:\/\/www.djazagro.com\/<\/a><\/em><\/p>\n<\/div>\n<p>[\/vc_column_text][vc_separator type=\u00a0\u00bbtransparent\u00a0\u00bb][vc_single_image image=\u00a0\u00bb24797&Prime; img_size=\u00a0\u00bbfull\u00a0\u00bb qode_css_animation=\u00a0\u00bb\u00a0\u00bb][\/vc_column][\/vc_row]<\/p>\n<\/div>","protected":false},"excerpt":{"rendered":"<p>Lesaffre, leader mondial des levures et ingr\u00e9dients de panification, est ravi d\u2019annoncer sa participation au salon Djazagro, qui se tiendra du 22 au 25 avril 2024 \u00e0 la Safex d\u2019Alger.<\/p>\n","protected":false},"author":1,"featured_media":24797,"comment_status":"closed","ping_status":"closed","sticky":false,"template":"","format":"standard","meta":{"footnotes":""},"categories":[5],"tags":[],"class_list":["post-24794","post","type-post","status-publish","format-standard","has-post-thumbnail","hentry","category-actualites"],"yoast_head":"<!-- This site is optimized with the Yoast SEO Premium plugin v22.3 (Yoast SEO v27.5) - https:\/\/yoast.com\/product\/yoast-seo-premium-wordpress\/ -->\n<title>Lesaffre participe au Djazagro 2024 \u2022 Lesaffre Alg\u00e9rie<\/title>\n<meta name=\"description\" content=\"Lesaffre, leader mondial des levures et ingr\u00e9dients de panification, est ravi d\u2019annoncer sa participation au salon Djazagro, qui se tiendra du 22 au 25 avril 2024 \u00e0 la Safex d\u2019Alger.\" \/>\n<meta name=\"robots\" content=\"index, follow, max-snippet:-1, max-image-preview:large, max-video-preview:-1\" \/>\n<link rel=\"canonical\" href=\"https:\/\/lesaffre-algerie.com\/fr\/actualites\/lesaffre-participe-au-djazagro-2024\/\" \/>\n<meta property=\"og:locale\" content=\"fr_FR\" \/>\n<meta property=\"og:type\" content=\"article\" \/>\n<meta property=\"og:title\" content=\"Lesaffre participe au Djazagro 2024\" \/>\n<meta property=\"og:description\" content=\"Lesaffre, leader mondial des levures et ingr\u00e9dients de panification, est ravi d\u2019annoncer sa participation au salon Djazagro, qui se tiendra du 22 au 25 avril 2024 \u00e0 la Safex d\u2019Alger.\" \/>\n<meta property=\"og:url\" content=\"https:\/\/lesaffre-algerie.com\/fr\/actualites\/lesaffre-participe-au-djazagro-2024\/\" \/>\n<meta property=\"og:site_name\" content=\"LESAFFRE Alg\u00e9rie\" \/>\n<meta property=\"article:published_time\" content=\"2024-04-16T05:28:09+00:00\" \/>\n<meta property=\"article:modified_time\" content=\"2024-04-16T05:28:59+00:00\" \/>\n<meta property=\"og:image\" content=\"https:\/\/lesaffre-algerie.com\/wp-content\/uploads\/2024\/04\/Lesaffre-DJAZAGRO.jpg\" \/>\n\t<meta property=\"og:image:width\" content=\"1280\" \/>\n\t<meta property=\"og:image:height\" content=\"720\" \/>\n\t<meta property=\"og:image:type\" content=\"image\/jpeg\" \/>\n<meta name=\"author\" content=\"olivier@ovm-communication.fr\" \/>\n<meta name=\"twitter:card\" content=\"summary_large_image\" \/>\n<meta name=\"twitter:label1\" content=\"\u00c9crit par\" \/>\n\t<meta name=\"twitter:data1\" content=\"olivier@ovm-communication.fr\" \/>\n\t<meta name=\"twitter:label2\" content=\"Dur\u00e9e de lecture estim\u00e9e\" \/>\n\t<meta name=\"twitter:data2\" content=\"1 minute\" \/>\n<script type=\"application\/ld+json\" class=\"yoast-schema-graph\">{\"@context\":\"https:\\\/\\\/schema.org\",\"@graph\":[{\"@type\":\"Article\",\"@id\":\"https:\\\/\\\/lesaffre-algerie.com\\\/fr\\\/actualites\\\/lesaffre-participe-au-djazagro-2024\\\/#article\",\"isPartOf\":{\"@id\":\"https:\\\/\\\/lesaffre-algerie.com\\\/fr\\\/actualites\\\/lesaffre-participe-au-djazagro-2024\\\/\"},\"author\":{\"name\":\"olivier@ovm-communication.fr\",\"@id\":\"https:\\\/\\\/lesaffre-algerie.com\\\/fr\\\/#\\\/schema\\\/person\\\/055bf0bf0da7f02d990c55b6704e694f\"},\"headline\":\"Lesaffre participe au Djazagro 2024\",\"datePublished\":\"2024-04-16T05:28:09+00:00\",\"dateModified\":\"2024-04-16T05:28:59+00:00\",\"mainEntityOfPage\":{\"@id\":\"https:\\\/\\\/lesaffre-algerie.com\\\/fr\\\/actualites\\\/lesaffre-participe-au-djazagro-2024\\\/\"},\"wordCount\":301,\"image\":{\"@id\":\"https:\\\/\\\/lesaffre-algerie.com\\\/fr\\\/actualites\\\/lesaffre-participe-au-djazagro-2024\\\/#primaryimage\"},\"thumbnailUrl\":\"https:\\\/\\\/lesaffre-algerie.com\\\/wp-content\\\/uploads\\\/2024\\\/04\\\/Lesaffre-DJAZAGRO.jpg\",\"articleSection\":[\"Actualit\u00e9s\"],\"inLanguage\":\"fr-FR\"},{\"@type\":\"WebPage\",\"@id\":\"https:\\\/\\\/lesaffre-algerie.com\\\/fr\\\/actualites\\\/lesaffre-participe-au-djazagro-2024\\\/\",\"url\":\"https:\\\/\\\/lesaffre-algerie.com\\\/fr\\\/actualites\\\/lesaffre-participe-au-djazagro-2024\\\/\",\"name\":\"Lesaffre participe au Djazagro 2024 \u2022 Lesaffre Alg\u00e9rie\",\"isPartOf\":{\"@id\":\"https:\\\/\\\/lesaffre-algerie.com\\\/fr\\\/#website\"},\"primaryImageOfPage\":{\"@id\":\"https:\\\/\\\/lesaffre-algerie.com\\\/fr\\\/actualites\\\/lesaffre-participe-au-djazagro-2024\\\/#primaryimage\"},\"image\":{\"@id\":\"https:\\\/\\\/lesaffre-algerie.com\\\/fr\\\/actualites\\\/lesaffre-participe-au-djazagro-2024\\\/#primaryimage\"},\"thumbnailUrl\":\"https:\\\/\\\/lesaffre-algerie.com\\\/wp-content\\\/uploads\\\/2024\\\/04\\\/Lesaffre-DJAZAGRO.jpg\",\"datePublished\":\"2024-04-16T05:28:09+00:00\",\"dateModified\":\"2024-04-16T05:28:59+00:00\",\"author\":{\"@id\":\"https:\\\/\\\/lesaffre-algerie.com\\\/fr\\\/#\\\/schema\\\/person\\\/055bf0bf0da7f02d990c55b6704e694f\"},\"description\":\"Lesaffre, leader mondial des levures et ingr\u00e9dients de panification, est ravi d\u2019annoncer sa participation au salon Djazagro, qui se tiendra du 22 au 25 avril 2024 \u00e0 la Safex d\u2019Alger.\",\"breadcrumb\":{\"@id\":\"https:\\\/\\\/lesaffre-algerie.com\\\/fr\\\/actualites\\\/lesaffre-participe-au-djazagro-2024\\\/#breadcrumb\"},\"inLanguage\":\"fr-FR\",\"potentialAction\":[{\"@type\":\"ReadAction\",\"target\":[\"https:\\\/\\\/lesaffre-algerie.com\\\/fr\\\/actualites\\\/lesaffre-participe-au-djazagro-2024\\\/\"]}]},{\"@type\":\"ImageObject\",\"inLanguage\":\"fr-FR\",\"@id\":\"https:\\\/\\\/lesaffre-algerie.com\\\/fr\\\/actualites\\\/lesaffre-participe-au-djazagro-2024\\\/#primaryimage\",\"url\":\"https:\\\/\\\/lesaffre-algerie.com\\\/wp-content\\\/uploads\\\/2024\\\/04\\\/Lesaffre-DJAZAGRO.jpg\",\"contentUrl\":\"https:\\\/\\\/lesaffre-algerie.com\\\/wp-content\\\/uploads\\\/2024\\\/04\\\/Lesaffre-DJAZAGRO.jpg\",\"width\":1280,\"height\":720},{\"@type\":\"BreadcrumbList\",\"@id\":\"https:\\\/\\\/lesaffre-algerie.com\\\/fr\\\/actualites\\\/lesaffre-participe-au-djazagro-2024\\\/#breadcrumb\",\"itemListElement\":[{\"@type\":\"ListItem\",\"position\":1,\"name\":\"Accueil\",\"item\":\"https:\\\/\\\/lesaffre-algerie.com\\\/fr\\\/\"},{\"@type\":\"ListItem\",\"position\":2,\"name\":\"Lesaffre participe au Djazagro 2024\"}]},{\"@type\":\"WebSite\",\"@id\":\"https:\\\/\\\/lesaffre-algerie.com\\\/fr\\\/#website\",\"url\":\"https:\\\/\\\/lesaffre-algerie.com\\\/fr\\\/\",\"name\":\"LESAFFRE Alg\u00e9rie\",\"description\":\"Levures de cuisson, am\u00e9liorants pour le pain et sant\u00e9\",\"potentialAction\":[{\"@type\":\"SearchAction\",\"target\":{\"@type\":\"EntryPoint\",\"urlTemplate\":\"https:\\\/\\\/lesaffre-algerie.com\\\/fr\\\/?s={search_term_string}\"},\"query-input\":{\"@type\":\"PropertyValueSpecification\",\"valueRequired\":true,\"valueName\":\"search_term_string\"}}],\"inLanguage\":\"fr-FR\"},{\"@type\":\"Person\",\"@id\":\"https:\\\/\\\/lesaffre-algerie.com\\\/fr\\\/#\\\/schema\\\/person\\\/055bf0bf0da7f02d990c55b6704e694f\",\"name\":\"olivier@ovm-communication.fr\"}]}<\/script>\n<!-- \/ Yoast SEO Premium plugin. -->","yoast_head_json":{"title":"Lesaffre participe au Djazagro 2024 \u2022 Lesaffre Alg\u00e9rie","description":"Lesaffre, leader mondial des levures et ingr\u00e9dients de panification, est ravi d\u2019annoncer sa participation au salon Djazagro, qui se tiendra du 22 au 25 avril 2024 \u00e0 la Safex d\u2019Alger.","robots":{"index":"index","follow":"follow","max-snippet":"max-snippet:-1","max-image-preview":"max-image-preview:large","max-video-preview":"max-video-preview:-1"},"canonical":"https:\/\/lesaffre-algerie.com\/fr\/actualites\/lesaffre-participe-au-djazagro-2024\/","og_locale":"fr_FR","og_type":"article","og_title":"Lesaffre participe au Djazagro 2024","og_description":"Lesaffre, leader mondial des levures et ingr\u00e9dients de panification, est ravi d\u2019annoncer sa participation au salon Djazagro, qui se tiendra du 22 au 25 avril 2024 \u00e0 la Safex d\u2019Alger.","og_url":"https:\/\/lesaffre-algerie.com\/fr\/actualites\/lesaffre-participe-au-djazagro-2024\/","og_site_name":"LESAFFRE Alg\u00e9rie","article_published_time":"2024-04-16T05:28:09+00:00","article_modified_time":"2024-04-16T05:28:59+00:00","og_image":[{"width":1280,"height":720,"url":"https:\/\/lesaffre-algerie.com\/wp-content\/uploads\/2024\/04\/Lesaffre-DJAZAGRO.jpg","type":"image\/jpeg"}],"author":"olivier@ovm-communication.fr","twitter_card":"summary_large_image","twitter_misc":{"\u00c9crit par":"olivier@ovm-communication.fr","Dur\u00e9e de lecture estim\u00e9e":"1 minute"},"schema":{"@context":"https:\/\/schema.org","@graph":[{"@type":"Article","@id":"https:\/\/lesaffre-algerie.com\/fr\/actualites\/lesaffre-participe-au-djazagro-2024\/#article","isPartOf":{"@id":"https:\/\/lesaffre-algerie.com\/fr\/actualites\/lesaffre-participe-au-djazagro-2024\/"},"author":{"name":"olivier@ovm-communication.fr","@id":"https:\/\/lesaffre-algerie.com\/fr\/#\/schema\/person\/055bf0bf0da7f02d990c55b6704e694f"},"headline":"Lesaffre participe au Djazagro 2024","datePublished":"2024-04-16T05:28:09+00:00","dateModified":"2024-04-16T05:28:59+00:00","mainEntityOfPage":{"@id":"https:\/\/lesaffre-algerie.com\/fr\/actualites\/lesaffre-participe-au-djazagro-2024\/"},"wordCount":301,"image":{"@id":"https:\/\/lesaffre-algerie.com\/fr\/actualites\/lesaffre-participe-au-djazagro-2024\/#primaryimage"},"thumbnailUrl":"https:\/\/lesaffre-algerie.com\/wp-content\/uploads\/2024\/04\/Lesaffre-DJAZAGRO.jpg","articleSection":["Actualit\u00e9s"],"inLanguage":"fr-FR"},{"@type":"WebPage","@id":"https:\/\/lesaffre-algerie.com\/fr\/actualites\/lesaffre-participe-au-djazagro-2024\/","url":"https:\/\/lesaffre-algerie.com\/fr\/actualites\/lesaffre-participe-au-djazagro-2024\/","name":"Lesaffre participe au Djazagro 2024 \u2022 Lesaffre Alg\u00e9rie","isPartOf":{"@id":"https:\/\/lesaffre-algerie.com\/fr\/#website"},"primaryImageOfPage":{"@id":"https:\/\/lesaffre-algerie.com\/fr\/actualites\/lesaffre-participe-au-djazagro-2024\/#primaryimage"},"image":{"@id":"https:\/\/lesaffre-algerie.com\/fr\/actualites\/lesaffre-participe-au-djazagro-2024\/#primaryimage"},"thumbnailUrl":"https:\/\/lesaffre-algerie.com\/wp-content\/uploads\/2024\/04\/Lesaffre-DJAZAGRO.jpg","datePublished":"2024-04-16T05:28:09+00:00","dateModified":"2024-04-16T05:28:59+00:00","author":{"@id":"https:\/\/lesaffre-algerie.com\/fr\/#\/schema\/person\/055bf0bf0da7f02d990c55b6704e694f"},"description":"Lesaffre, leader mondial des levures et ingr\u00e9dients de panification, est ravi d\u2019annoncer sa participation au salon Djazagro, qui se tiendra du 22 au 25 avril 2024 \u00e0 la Safex d\u2019Alger.","breadcrumb":{"@id":"https:\/\/lesaffre-algerie.com\/fr\/actualites\/lesaffre-participe-au-djazagro-2024\/#breadcrumb"},"inLanguage":"fr-FR","potentialAction":[{"@type":"ReadAction","target":["https:\/\/lesaffre-algerie.com\/fr\/actualites\/lesaffre-participe-au-djazagro-2024\/"]}]},{"@type":"ImageObject","inLanguage":"fr-FR","@id":"https:\/\/lesaffre-algerie.com\/fr\/actualites\/lesaffre-participe-au-djazagro-2024\/#primaryimage","url":"https:\/\/lesaffre-algerie.com\/wp-content\/uploads\/2024\/04\/Lesaffre-DJAZAGRO.jpg","contentUrl":"https:\/\/lesaffre-algerie.com\/wp-content\/uploads\/2024\/04\/Lesaffre-DJAZAGRO.jpg","width":1280,"height":720},{"@type":"BreadcrumbList","@id":"https:\/\/lesaffre-algerie.com\/fr\/actualites\/lesaffre-participe-au-djazagro-2024\/#breadcrumb","itemListElement":[{"@type":"ListItem","position":1,"name":"Accueil","item":"https:\/\/lesaffre-algerie.com\/fr\/"},{"@type":"ListItem","position":2,"name":"Lesaffre participe au Djazagro 2024"}]},{"@type":"WebSite","@id":"https:\/\/lesaffre-algerie.com\/fr\/#website","url":"https:\/\/lesaffre-algerie.com\/fr\/","name":"LESAFFRE Alg\u00e9rie","description":"Levures de cuisson, am\u00e9liorants pour le pain et sant\u00e9","potentialAction":[{"@type":"SearchAction","target":{"@type":"EntryPoint","urlTemplate":"https:\/\/lesaffre-algerie.com\/fr\/?s={search_term_string}"},"query-input":{"@type":"PropertyValueSpecification","valueRequired":true,"valueName":"search_term_string"}}],"inLanguage":"fr-FR"},{"@type":"Person","@id":"https:\/\/lesaffre-algerie.com\/fr\/#\/schema\/person\/055bf0bf0da7f02d990c55b6704e694f","name":"olivier@ovm-communication.fr"}]}},"featured_image_src":"https:\/\/lesaffre-algerie.com\/wp-content\/uploads\/2024\/04\/Lesaffre-DJAZAGRO-150x150.jpg","_links":{"self":[{"href":"https:\/\/lesaffre-algerie.com\/fr\/wp-json\/wp\/v2\/posts\/24794","targetHints":{"allow":["GET"]}}],"collection":[{"href":"https:\/\/lesaffre-algerie.com\/fr\/wp-json\/wp\/v2\/posts"}],"about":[{"href":"https:\/\/lesaffre-algerie.com\/fr\/wp-json\/wp\/v2\/types\/post"}],"author":[{"embeddable":true,"href":"https:\/\/lesaffre-algerie.com\/fr\/wp-json\/wp\/v2\/users\/1"}],"replies":[{"embeddable":true,"href":"https:\/\/lesaffre-algerie.com\/fr\/wp-json\/wp\/v2\/comments?post=24794"}],"version-history":[{"count":4,"href":"https:\/\/lesaffre-algerie.com\/fr\/wp-json\/wp\/v2\/posts\/24794\/revisions"}],"predecessor-version":[{"id":24801,"href":"https:\/\/lesaffre-algerie.com\/fr\/wp-json\/wp\/v2\/posts\/24794\/revisions\/24801"}],"wp:featuredmedia":[{"embeddable":true,"href":"https:\/\/lesaffre-algerie.com\/fr\/wp-json\/wp\/v2\/media\/24797"}],"wp:attachment":[{"href":"https:\/\/lesaffre-algerie.com\/fr\/wp-json\/wp\/v2\/media?parent=24794"}],"wp:term":[{"taxonomy":"category","embeddable":true,"href":"https:\/\/lesaffre-algerie.com\/fr\/wp-json\/wp\/v2\/categories?post=24794"},{"taxonomy":"post_tag","embeddable":true,"href":"https:\/\/lesaffre-algerie.com\/fr\/wp-json\/wp\/v2\/tags?post=24794"}],"curies":[{"name":"wp","href":"https:\/\/api.w.org\/{rel}","templated":true}]}}